
{"id":6832,"date":"2015-11-19T11:36:46","date_gmt":"2015-11-19T09:36:46","guid":{"rendered":"http:\/\/www.zelist.ro\/blog\/?p=6832"},"modified":"2015-11-20T11:51:27","modified_gmt":"2015-11-20T09:51:27","slug":"antreprenorii-din-bucuresti-vor-sa-afle-de-la-cei-mai-buni-specialisti-din-lume-cum-sa-isi-construiasca-o-strategie-de-business-castigatoare","status":"publish","type":"post","link":"https:\/\/www.zelist.ro\/blog\/antreprenorii-din-bucuresti-vor-sa-afle-de-la-cei-mai-buni-specialisti-din-lume-cum-sa-isi-construiasca-o-strategie-de-business-castigatoare\/","title":{"rendered":"Antreprenorii din Bucure\u0219ti vor s\u0103 afle de la cei mai buni speciali\u0219ti din lume cum s\u0103 \u00ee\u0219i construiasc\u0103 o strategie de business c\u00e2\u0219tig\u0103toare"},"content":{"rendered":"<p class=\"western\" style=\"text-align: justify;\"><span lang=\"ro-RO\">Peste 36% din antreprenorii din Bucure\u0219ti \u0219i zona de sud a Rom\u00e2niei afirm\u0103 c\u0103 \u0219i-ar dori s\u0103 afle de la cei mai buni lideri din domeniu cum s\u0103 realizeze o strategie de succes, s\u0103 dezvolte un plan marketing (33%) \u0219i s\u0103 \u00ee\u0219i perfec\u021bioneze arta negocierii (31%). \u00cen opinia lor, cele mai promi\u021b\u0103toare domenii de dezvoltare sunt IT&amp;C (85%), agricultura (61%) \u0219i dezvoltarea software (60%). <\/span><\/p>\n<p class=\"western\" lang=\"ro-RO\" style=\"text-align: justify;\"><span lang=\"ro-RO\">Antreprenorii din Bucure\u0219ti \u0219i zona de sud a Rom\u00e2niei consider\u0103 c\u0103 dezvoltarea \u0219i motivarea personalului reprezint\u0103 principala problem\u0103 cu care se confrunt\u0103 \u00een acest moment, arat\u0103 un studiu realizat de <\/span><span lang=\"ro-RO\"><b>Business Days Rom\u00e2nia, <\/b><\/span><span lang=\"ro-RO\">elaborat \u00een perioada octombrie-noiembrie pe un e\u0219antion de 230 de antreprenori \u0219i manageri din Bucure\u0219ti\u00a0\u0219i ora\u0219ele din \u00eemprejurimi.<\/span><span lang=\"ro-RO\"> \u00centreba\u021bi <\/span><span lang=\"ro-RO\">\u201cCare sunt principalele probleme cu care se confrunt\u0103 oamenii de afaceri din regiune?\u201d <\/span><span lang=\"ro-RO\">participan\u021bii la studiu au indicat dezvoltarea \u0219i motivarea personalului ca fiind cel mai important domeniu. \u00cen plus, oamenii de afaceri din regiune acuz\u0103 birocra\u021bia excesiv\u0103, sistemul stufos de taxare \u0219i impredictibilitatea fiscal\u0103 ca fiind cele mai mari provoc\u0103ri la adresa afacerii lor. <\/span><\/p>\n<p class=\"western\" style=\"text-align: justify;\" align=\"justify\"><span lang=\"ro-RO\">Alte probleme cu care se confrunt\u0103 antreprenorii din zon\u0103 sunt taxarea \u0219i fiscalitatea, brandingul \u0219i setarea strategiei. \u00cen ceea ce prive\u0219te a\u0219tept\u0103rile oamenilor de afaceri de la administra\u021bia central\u0103, doar 27% din responden\u021bi au afirmat c\u0103 acestea sunt \u201cfoarte mari\u201d. \u00cen acela\u0219i timp, antreprenorii au apreciat c\u0103 implicarea autorit\u0103\u021bilor locale \u00een sus\u021binerea afacerilor din regiune este foarte slab\u0103 (38%). <\/span><\/p>\n<p class=\"western\" style=\"text-align: justify;\" align=\"justify\"><span lang=\"ro-RO\">Antreprenorii chestiona\u021bi consider\u0103 c\u0103 domeniile \u00een care regiunea de sud a \u021b\u0103rii poate performa sunt IT<\/span>&amp;C<span lang=\"ro-RO\"> (85%), agricultura (61,9%), industria software (60,3%), serviciile (58,7%) \u0219i turismul (46%). Studiul <\/span><span lang=\"ro-RO\"><b>Business Days Rom\u00e2nia <\/b><\/span><span lang=\"ro-RO\">mai dezv\u0103luie c\u0103 cei mai importan\u021bi factori pentru succesul unei afaceri sunt echipa, inova\u021bia \u0219i networking-ul.<\/span><\/p>\n<p class=\"western\" style=\"text-align: justify;\" align=\"justify\">\u201c<span lang=\"ro-RO\">Antreprenorii din zona de sud a Rom\u00e2niei caut\u0103 solu\u021bii pentru dezvoltarea afacerii lor \u00een condi\u021biile \u00een care provoc\u0103rile de la nivelul administra\u021biei pot \u00eencetini ritmul de cre\u0219tere al afacerii lor. \u00cen acest sens, sfaturile, modelele de succes \u0219i sesiunile de networking \u00eei ajut\u0103 s\u0103 g\u0103seasc\u0103 cea mai bun\u0103 cale spre succes. Credem c\u0103 experian\u021ba altor antreprenori este c\u00e2t se poate de util\u0103 pentru cei care sunt hot\u0103r\u00e2\u021bi s\u0103 \u0103\u0219i urmeze visul \u0219i au ambi\u021bia de a merge mai departe<\/span><span lang=\"ro-RO\">\u201d, <\/span><span lang=\"ro-RO\">a declarat <\/span><span lang=\"ro-RO\"><b>Laszlo Pacso, <\/b><\/span><span lang=\"ro-RO\">fondator \u0219i coordonator <\/span><span lang=\"ro-RO\"><b>Business Days<\/b><\/span><span lang=\"ro-RO\">.<\/span><\/p>\n<p class=\"western\" style=\"text-align: justify;\" align=\"justify\"><span lang=\"ro-RO\">Anul acesta, evenimentul <\/span><span lang=\"ro-RO\"><b>Bucure\u0219ti Business Days<\/b><\/span><span lang=\"ro-RO\"> va avea loc \u00een perioada <\/span><span lang=\"ro-RO\"><b>8-9 decembrie 2015 la Willbrook Platinum.<\/b><\/span><span lang=\"ro-RO\"> \u00censcrierile pentru to<\/span><span lang=\"ro-RO\">\u021b<\/span><span lang=\"ro-RO\">i cei care vor s\u0103 participe sunt deschise, \u00een limita locurilor disponibile. Detalii \u015fi \u00eenscrieri g\u0103si\u021bi aici:<\/span><b> <\/b><span style=\"color: #0563c1;\"><span lang=\"zxx\"><u><a class=\"western\" href=\"http:\/\/www.businessdays.ro\/Evenimente\/Bucuresti-2015\/Inscriere\"><span lang=\"ro-RO\"><b>http:\/\/www.businessdays.ro\/Evenimente\/Bucuresti-2015\/Inscriere<\/b><\/span><\/a><\/u><\/span><\/span><span lang=\"ro-RO\">. La eveniment vor fi prezen\u021bi peste 1.000 de antreprenori \u0219i manageri din toate regiunile Rom\u00e2niei. <\/span><\/p>\n<p class=\"western\" style=\"text-align: justify;\" align=\"justify\"><span lang=\"ro-RO\">Din temele conferin\u021bei <\/span><span lang=\"ro-RO\"><b>Bucure\u0219ti Business Days<\/b><\/span><span lang=\"ro-RO\"> men\u021bion\u0103m: \u201cCriza resurselor umane \u0219i modul \u00een care vor influen\u021ba tendin\u021bele de pe pia\u021ba de munc\u0103. Evolu\u021bia economiei globale\u201d. Workshop-urile vor avea teme precum \u201cArta deciziilor \u00een condi\u021bii de incertitudine \u0219i schimbare\u201d, \u201cManagementul timpului \u0219i tehnici de organizare\u201d <\/span><\/p>\n<p class=\"western\" style=\"text-align: justify;\" align=\"justify\"><span lang=\"ro-RO\">\u00cencep\u00e2nd de anul acesta\u00a0platforma <\/span><span style=\"color: #0563c1;\"><span lang=\"zxx\"><u><a class=\"western\" href=\"http:\/\/www.businessdays.ro\/Homepage\"><span lang=\"ro-RO\">Business Days<\/span><\/a><\/u><\/span><\/span><span lang=\"ro-RO\">\u00a0organizeaz\u0103 <\/span><span lang=\"ro-RO\"><b>Gala Business Days, <\/b><\/span><span lang=\"ro-RO\">eveniment \u00een cadrul c\u0103ruia<\/span><\/p>\n<p class=\"western\" style=\"text-align: justify;\" align=\"justify\"><span lang=\"ro-RO\">vor fi premiate acele companii, antreprenori \u0219i manageri din spatele lor care s-au remarcat la urm\u0103toarele capitole: p<\/span><span lang=\"ro-RO\">erformanta,<\/span><span lang=\"ro-RO\">\u00a0excelen\u021ba, inova\u021bia \u0219i impactul social.<\/span><\/p>\n<p class=\"western\" style=\"text-align: justify;\" align=\"justify\"><span lang=\"ro-RO\">Peste 300 de oameni din elita mediului de business din Rom\u00e2nia vor lua parte la <\/span><span lang=\"ro-RO\"><b>Gala Business Days.<\/b><\/span><\/p>\n","protected":false},"excerpt":{"rendered":"<p>Peste 36% din antreprenorii din Bucure\u0219ti \u0219i zona de sud a Rom\u00e2niei afirm\u0103 c\u0103 \u0219i-ar dori s\u0103 afle de la cei mai buni lideri din domeniu cum s\u0103 realizeze o strategie de succes, s\u0103 dezvolte un plan marketing (33%) \u0219i s\u0103 \u00ee\u0219i perfec\u021bioneze arta negocierii (31%). \u00cen opinia lor, cele mai promi\u021b\u0103toare domenii de dezvoltare [&hellip;]<\/p>\n","protected":false},"author":9,"featured_media":0,"comment_status":"open","ping_status":"open","sticky":false,"template":"","format":"standard","meta":{"jetpack_post_was_ever_published":false,"_jetpack_newsletter_access":"","_jetpack_dont_email_post_to_subs":false,"_jetpack_newsletter_tier_id":0,"_jetpack_memberships_contains_paywalled_content":false,"_jetpack_memberships_contains_paid_content":false,"footnotes":"","jetpack_publicize_message":"","jetpack_publicize_feature_enabled":true,"jetpack_social_post_already_shared":true,"jetpack_social_options":{"image_generator_settings":{"template":"highway","default_image_id":0,"font":"","enabled":false},"version":2}},"categories":[192],"tags":[],"class_list":["post-6832","post","type-post","status-publish","format-standard","hentry","category-comunicate-de-presa"],"jetpack_publicize_connections":[],"jetpack_featured_media_url":"","jetpack_sharing_enabled":true,"jetpack_shortlink":"https:\/\/wp.me\/p1H7ta-1Mc","_links":{"self":[{"href":"https:\/\/www.zelist.ro\/blog\/wp-json\/wp\/v2\/posts\/6832","targetHints":{"allow":["GET"]}}],"collection":[{"href":"https:\/\/www.zelist.ro\/blog\/wp-json\/wp\/v2\/posts"}],"about":[{"href":"https:\/\/www.zelist.ro\/blog\/wp-json\/wp\/v2\/types\/post"}],"author":[{"embeddable":true,"href":"https:\/\/www.zelist.ro\/blog\/wp-json\/wp\/v2\/users\/9"}],"replies":[{"embeddable":true,"href":"https:\/\/www.zelist.ro\/blog\/wp-json\/wp\/v2\/comments?post=6832"}],"version-history":[{"count":2,"href":"https:\/\/www.zelist.ro\/blog\/wp-json\/wp\/v2\/posts\/6832\/revisions"}],"predecessor-version":[{"id":6854,"href":"https:\/\/www.zelist.ro\/blog\/wp-json\/wp\/v2\/posts\/6832\/revisions\/6854"}],"wp:attachment":[{"href":"https:\/\/www.zelist.ro\/blog\/wp-json\/wp\/v2\/media?parent=6832"}],"wp:term":[{"taxonomy":"category","embeddable":true,"href":"https:\/\/www.zelist.ro\/blog\/wp-json\/wp\/v2\/categories?post=6832"},{"taxonomy":"post_tag","embeddable":true,"href":"https:\/\/www.zelist.ro\/blog\/wp-json\/wp\/v2\/tags?post=6832"}],"curies":[{"name":"wp","href":"https:\/\/api.w.org\/{rel}","templated":true}]}}