
{"id":47609,"date":"2026-09-04T15:03:23","date_gmt":"2026-09-04T13:03:23","guid":{"rendered":"https:\/\/www.zelist.ro\/blog\/?p=47609"},"modified":"2026-09-04T15:03:23","modified_gmt":"2026-09-04T13:03:23","slug":"romanian-pr-award-2026-reasaza-responsabilitatea-in-centrul-competentelor-profesionale-ale-comunicatorului","status":"publish","type":"post","link":"https:\/\/www.zelist.ro\/blog\/romanian-pr-award-2026-reasaza-responsabilitatea-in-centrul-competentelor-profesionale-ale-comunicatorului\/","title":{"rendered":"Romanian PR Award 2026 rea\u0219az\u0103 responsabilitatea \u00een centrul competen\u021belor profesionale ale comunicatorului"},"content":{"rendered":"<p><a href=\"https:\/\/www.zelist.ro\/blog\/romanian-pr-award-2026-reasaza-responsabilitatea-in-centrul-competentelor-profesionale-ale-comunicatorului\/comunicat\/\" rel=\"attachment wp-att-47614\"><img loading=\"lazy\" decoding=\"async\" class=\"alignleft size-full wp-image-47614\" src=\"https:\/\/www.zelist.ro\/blog\/wp-content\/uploads\/2026\/09\/comunicat.jpg\" alt=\"\" width=\"650\" height=\"269\" srcset=\"https:\/\/www.zelist.ro\/blog\/wp-content\/uploads\/2026\/09\/comunicat.jpg 650w, https:\/\/www.zelist.ro\/blog\/wp-content\/uploads\/2026\/09\/comunicat-300x124.jpg 300w\" sizes=\"auto, (max-width: 650px) 100vw, 650px\" \/><\/a><\/p>\n<p>\u00censcrierile la cea de-a XXIV-a edi\u021bie a competi\u021biei Romanian PR Award \u00eencep ast\u0103zi \u0219i se vor \u00eencheia vineri,\u00a0<strong>2 octombrie 2026<\/strong>. Edi\u021bia din acest an deschide o conversa\u021bie despre responsabilitate \u0219i propune rea\u0219ezarea acesteia \u00een centrul competen\u021belor profesionale ale comunicatorului.<\/p>\n<blockquote><p><em>\u201eResponsabilitatea nu mai poate fi privit\u0103 doar ca valoare moral\u0103 sau ca principiu etic abstract. \u00centr-o profesie care influen\u021beaz\u0103 decizii, comportamente \u0219i percep\u021bii, ea trebuie \u00een\u021beleas\u0103 ca o competen\u021b\u0103 profesional\u0103, la fel de important\u0103 precum g\u00e2ndirea strategic\u0103, creativitatea sau capacitatea de execu\u021bie. Ast\u0103zi, un bun comunicator nu este doar cel care construie\u0219te strategii \u0219i schimb\u0103 percep\u021bii, ci \u0219i cel care anticipeaz\u0103 consecin\u021bele ac\u021biunilor sale \u0219i \u00ee\u0219i asum\u0103 impactul acestora. De aceea, cea de-a XXIV-a edi\u021bie a competi\u021biei Romanian PR Award \u00ee\u0219i propune s\u0103 deschid\u0103 o conversa\u021bie despre responsabilitate \u0219i s\u0103 o rea\u0219eze acolo unde \u00eei este locul: \u00een centrul competen\u021belor profesionale ale comunicatorului\u201d, a declarat\u00a0<strong>Dana Oancea<\/strong>, Pre\u0219edintele Forum for International Communications.<\/em><\/p><\/blockquote>\n<p>\u00censcrierile se pot face p\u00e2n\u0103 vineri,\u00a0<strong>2 octombrie 2026<\/strong>. Sunt eligibile proiectele care s-au desf\u0103\u0219urat \u00een ultimii doi ani.<\/p>\n<p>Jurizarea competi\u021biei reune\u0219te competen\u021be din 22 de \u021b\u0103ri \u0219i este asigurat\u0103 de directori de comunicare, reprezentan\u021bi ai agen\u021biilor globale de PR, executivi ai agen\u021biilor locale, precum \u0219i de reprezentan\u021bi ai mediului academic \u0219i societ\u0103\u021bii civile, ai organiza\u021biilor profesionale &#8211; IPRA, Arthur W. Page Society, CIPR, ARRP, PROI Worldwide \u0219i AMEC, \u0219i consultan\u021bi independen\u021bi.<\/p>\n<p>Gala Romanian PR Award va avea loc \u00een seara zilei de 18 noiembrie, la JW Marriott. Pe l\u00e2ng\u0103 premiile acordate pe categorii, juriul va acorda distinc\u021biile\u00a0<strong>PR Agency of the Year<\/strong>,\u00a0<strong>PR Innovator of the Year<\/strong>, sus\u021binut\u0103 de BRD \u2013 Groupe Soci\u00e9t\u00e9 G\u00e9n\u00e9rale, \u0219i\u00a0<strong>Best Use of PR Measurement &amp; Evaluation<\/strong>, o distinc\u021bie special\u0103 acordat\u0103 de Raiffeisen Bank. Organizatorii continu\u0103 acordarea distinc\u021biei\u00a0<strong>Junior PR Award<\/strong>, dedicat\u0103 tinerilor \u0219i aspiran\u021bilor la o carier\u0103 \u00een PR, \u00een parteneriat cu ARRP.<\/p>\n<p><a href=\"https:\/\/praward.ro\/\" target=\"_blank\" rel=\"noopener\">Romanian PR Award<\/a>\u00a0este sus\u021binut de sponsorii\u00a0Raiffeisen Bank, Ursus Breweries, Banca Transilvania, Coca-Cola, BRD \u2013 Groupe Soci\u00e9t\u00e9 G\u00e9n\u00e9rale, MedLife, Provident, Dacia \u0219i Kaufland, partener pentru incluziune, de partenerii\u00a0Domeniile S\u00e2mbure\u0219ti, 360Revolution, VIP Romania \u0219i MediaTrust, de partenerii institu\u021bionali\u00a0IPRA (International Public Relations Association)\u00a0\u0219i\u00a0ARRP (Asocia\u021bia Rom\u00e2n\u0103 de Rela\u021bii Publice), precum \u0219i de partenerii media\u00a0Hotnews, PR Romania, Revista Cariere, IQads, Spotmedia, Rom\u00e2nia Pozitiv\u0103, Adhugger \u0219i Zelist.<\/p>\n<p><strong>Despre Romanian PR Award<\/strong><\/p>\n<p>Aflat\u0103 la cea de-a 24-a edi\u021bie,\u00a0<strong>Romanian PR Award<\/strong>\u00a0este cea mai important\u0103 competi\u021bie na\u021bional\u0103 de recunoa\u0219tere a excelen\u021bei \u00een domeniul Rela\u021biilor Publice. Un proiect \u201a\u00eenc\u0103p\u0103\u021b\u00e2nat\u2019 \u0219i de curs\u0103 lung\u0103 care a reu\u0219it s\u0103 adune sub aceea\u0219i umbrel\u0103 parteneri prestigio\u0219i, nume marcante ale breslei, concuren\u021bi valoro\u0219i \u0219i zeci de tineri aspiran\u021bi la o carier\u0103 \u00een PR. Importan\u021ba competi\u021biei a crescut odat\u0103 cu dezvoltarea industriei locale de PR, iar relevan\u021ba ei se m\u0103soar\u0103 \u00een multitudinea de concuren\u021bi afla\u021bi an de an la start, \u00een performan\u021bele finali\u0219tilor \u0219i \u00een profesionalismul celor care \u00eei arbitreaz\u0103.<\/p>\n<p><strong>Despre organizator<\/strong><\/p>\n<p><strong>Forum for International Communications<\/strong>\u00a0este o organiza\u021bie non-guvernamental\u0103 care cultiv\u0103 \u00een mediul comunicatorilor profesioni\u0219ti standarde etice \u0219i de performan\u021b\u0103 ale profesiei de rela\u021bii publice. Funda\u021bia organizeaz\u0103 din 2003 Romanian PR Award, impus drept cel mai important eveniment de recunoa\u0219tere a excelen\u021bei \u00een domeniul comunic\u0103rii din Rom\u00e2nia. \u00cen aprilie 2009, funda\u021bia a lansat portalul PR Romania, una dintre cele mai relevante publica\u021bii online de PR din Europa, conform Communications Director. \u00cen martie 2006, Forum a ini\u021biat programul CSR Romania cu scopul de a promova bunele practici \u00een domeniul responsabilit\u0103\u021bii sociale corporatiste, program afiliat la re\u021beaua european\u0103 CSR Europe. Al\u0103turi de parteneri din sectorul privat \u0219i public, Forum dezvolt\u0103 \u0219i implementeaz\u0103 din 2018 Carta Diversit\u0103\u021bii din Rom\u00e2nia.<\/p>\n<p><strong>Contact:<\/strong><br \/>\nDana Oancea<br \/>\nForum for International Communications<br \/>\n0722-964382<br \/>\ndana.oancea@praward.ro<\/p>\n","protected":false},"excerpt":{"rendered":"<p>\u00censcrierile la cea de-a XXIV-a edi\u021bie a competi\u021biei Romanian PR Award \u00eencep ast\u0103zi \u0219i se vor \u00eencheia vineri,\u00a02 octombrie 2026. Edi\u021bia din acest an deschide o conversa\u021bie despre responsabilitate \u0219i propune rea\u0219ezarea acesteia \u00een centrul competen\u021belor profesionale ale comunicatorului. \u201eResponsabilitatea nu mai poate fi privit\u0103 doar ca valoare moral\u0103 sau ca principiu etic abstract. \u00centr-o [&hellip;]<\/p>\n","protected":false},"author":7,"featured_media":0,"comment_status":"open","ping_status":"closed","sticky":false,"template":"","format":"standard","meta":{"_jetpack_newsletter_access":"","_jetpack_dont_email_post_to_subs":false,"_jetpack_newsletter_tier_id":0,"_jetpack_memberships_contains_paywalled_content":false,"_jetpack_feature_clip_id":0,"_jetpack_memberships_contains_paid_content":false,"footnotes":"","jetpack_publicize_message":"","jetpack_publicize_feature_enabled":true,"jetpack_social_post_already_shared":true,"jetpack_social_options":{"image_generator_settings":{"template":"highway","default_image_id":0,"font":"","enabled":false},"version":2},"jetpack_post_was_ever_published":false},"categories":[1],"tags":[],"class_list":["post-47609","post","type-post","status-publish","format-standard","hentry","category-uncategorized"],"jetpack_publicize_connections":[],"jetpack_featured_media_url":"","jetpack_sharing_enabled":true,"jetpack_shortlink":"https:\/\/wp.me\/p1H7ta-cnT","_links":{"self":[{"href":"https:\/\/www.zelist.ro\/blog\/wp-json\/wp\/v2\/posts\/47609","targetHints":{"allow":["GET"]}}],"collection":[{"href":"https:\/\/www.zelist.ro\/blog\/wp-json\/wp\/v2\/posts"}],"about":[{"href":"https:\/\/www.zelist.ro\/blog\/wp-json\/wp\/v2\/types\/post"}],"author":[{"embeddable":true,"href":"https:\/\/www.zelist.ro\/blog\/wp-json\/wp\/v2\/users\/7"}],"replies":[{"embeddable":true,"href":"https:\/\/www.zelist.ro\/blog\/wp-json\/wp\/v2\/comments?post=47609"}],"version-history":[{"count":6,"href":"https:\/\/www.zelist.ro\/blog\/wp-json\/wp\/v2\/posts\/47609\/revisions"}],"predecessor-version":[{"id":47616,"href":"https:\/\/www.zelist.ro\/blog\/wp-json\/wp\/v2\/posts\/47609\/revisions\/47616"}],"wp:attachment":[{"href":"https:\/\/www.zelist.ro\/blog\/wp-json\/wp\/v2\/media?parent=47609"}],"wp:term":[{"taxonomy":"category","embeddable":true,"href":"https:\/\/www.zelist.ro\/blog\/wp-json\/wp\/v2\/categories?post=47609"},{"taxonomy":"post_tag","embeddable":true,"href":"https:\/\/www.zelist.ro\/blog\/wp-json\/wp\/v2\/tags?post=47609"}],"curies":[{"name":"wp","href":"https:\/\/api.w.org\/{rel}","templated":true}]}}