
{"id":45797,"date":"2023-08-29T09:02:06","date_gmt":"2023-08-29T07:02:06","guid":{"rendered":"https:\/\/www.zelist.ro\/blog\/?p=45797"},"modified":"2023-08-29T09:02:06","modified_gmt":"2023-08-29T07:02:06","slug":"cei-mai-buni-specialisti-vor-urca-pe-scena-employer-branding-conference-2023","status":"publish","type":"post","link":"https:\/\/www.zelist.ro\/blog\/cei-mai-buni-specialisti-vor-urca-pe-scena-employer-branding-conference-2023\/","title":{"rendered":"Cei mai buni speciali\u0219ti vor urca pe scena Employer Branding Conference 2023"},"content":{"rendered":"<p><strong>\u200b\u00centr-o lume a schimb\u0103rilor rapide \u0219i a provoc\u0103rilor constante, domeniul resurselor umane evolueaz\u0103 dincolo de limitele tradi\u021bionale, devenind un factor crucial \u00een adaptarea organiza\u021biilor la noile paradigme ale mediului de afaceri. \u00cen acest context dinamic, conceptul de Employer Branding se contureaz\u0103 ca o cheie esen\u021bial\u0103 pentru a atrage, re\u021bine \u0219i dezvolta talente \u00een cadrul companiilor.<\/strong><\/p>\n<p><img loading=\"lazy\" decoding=\"async\" class=\"size-full wp-image-45800 alignnone\" src=\"https:\/\/www.zelist.ro\/blog\/wp-content\/uploads\/2023\/08\/FoRZhjS_.jpg\" alt=\"\" width=\"650\" height=\"426\" srcset=\"https:\/\/www.zelist.ro\/blog\/wp-content\/uploads\/2023\/08\/FoRZhjS_.jpg 650w, https:\/\/www.zelist.ro\/blog\/wp-content\/uploads\/2023\/08\/FoRZhjS_-300x197.jpg 300w\" sizes=\"auto, (max-width: 650px) 100vw, 650px\" \/><\/p>\n<p id=\"2\">Cu tehnologii \u00eentr-o continu\u0103 evolu\u021bie, rela\u021bii de munc\u0103 reconfigurate \u0219i a\u0219tept\u0103ri \u00een schimbare din partea angaja\u021bilor, func\u021bia de HR joac\u0103 un rol pivotal \u00een definirea strategiilor organiza\u021bionale.\u00a0<strong>Employer Branding Conference<\/strong>, ce va avea loc la\u00a0<strong>Hotel JW Marriott<\/strong>\u00a0din\u00a0<strong>Bucure\u0219ti\u00a0<\/strong>pe\u00a0<strong>26 septembrie<\/strong>, reprezint\u0103 o oportunitate esen\u021bial\u0103 pentru profesioni\u0219ti, lideri \u0219i antreprenori de a explora noi orizonturi \u00een domeniul Resurselor Umane \u0219i al construirii imaginii de angajator.<\/p>\n<p id=\"3\">Ce instrumente \u0219i platforme pot fi folosite pentru a recruta mai u\u0219or \u0219i pentru a crea campanii creative care s\u0103 ajute la consolidarea brandul de angajator? Cum realiz\u0103m un Employer Branding Audit, cum stabilim obiectivele, cum construim strategia \u0219i cum m\u0103sur\u0103m rezultatele ac\u021biunilor? Acestea sunt doar c\u00e2teva dintre \u00eentreb\u0103rile care \u00ee\u0219i vor g\u0103si r\u0103spunsul pe scena evenimentului.<\/p>\n<p id=\"4\">Printre vorbitorii acestei edi\u021bii, care vor aduce know-how la nivel \u00eenalt \u0219i perspective valoroase, se num\u0103r\u0103:\u00a0<strong>Ionela Sulugiuc<\/strong>\u00a0(Lidl Rom\u00e2nia),\u00a0<strong>Emilia Stroe<\/strong>\u00a0(Sphera Franchise Group),\u00a0<strong>Cosmin Dodoc<\/strong>\u00a0(eMAG),\u00a0<strong>Andreea Baciu<\/strong>\u00a0(UiPath),\u00a0<strong>Peter Hammer<\/strong>\u00a0(Nagarro),\u00a0<strong>Mirela Mateia\u0219i<\/strong>\u00a0(Agrii Rom\u00e2nia),\u00a0<strong>Dumitri\u021ba Ghenciu<\/strong>\u00a0(Bosch Rom\u00e2nia),\u00a0<strong>Adrian Stanciu<\/strong>\u00a0(BISM),\u00a0<strong>Alina Gheuca<\/strong>\u00a0(KPMG),\u00a0<strong>Ana Maria Criv\u0103\u021b<\/strong>\u00a0(HEINEKEN Rom\u00e2nia),\u00a0<strong>Loredana V\u0103t\u0103voiu<\/strong>\u00a0(Up Rom\u00e2nia),\u00a0<strong>Mirela T\u0103nase<\/strong>\u00a0(Exploratist),\u00a0<strong>Bogdan Badea<\/strong>\u00a0(eJobs Group),\u00a0<strong>Dan Moraru<\/strong>\u00a0(7Card by Gympass),\u00a0<strong>Cristina McCarthy<\/strong>\u00a0(Ravago Group),\u00a0<strong>Octavian Gheorghe<\/strong>\u00a0(GMP PR),\u00a0<strong>Ana-Maria Diceanu<\/strong>\u00a0(Brain 4 Strategy).<\/p>\n<p id=\"5\"><strong>STUDIU \u00ceN EXCLUSIVITATE<\/strong><\/p>\n<p id=\"6\">Pe 26 septembrie, \u00een premier\u0103, vom afla c\u00e2t de mult investesc companiile din Rom\u00e2nia \u00een brandul de angajator, ce tool-uri folosesc pentru construirea \u0219i consolidarea imaginii pe care o au \u00een ochii candida\u021bilor \u0219i a angaja\u021bilor, ce merge \u0219i ce nu, dar \u0219i care sunt pa\u0219ii pe care vor s\u0103 \u00eei fac\u0103 \u00een aceast\u0103 direc\u021bie \u00een perioada urm\u0103toare. Acestea sunt doar c\u00e2teva dintre subiectele incluse \u00een studiul &#8220;Te afli pe radarul candida\u021bilor?&#8221; realizat de eJobs Rom\u00e2nia, special pentru Employer Branding Conference 2023.<\/p>\n<p id=\"7\"><strong>Mai multe detalii despre program, invita\u021bi \u0219i participare sunt disponibile pe site-ul oficial al evenimentului:\u00a0<\/strong><strong><a href=\"https:\/\/www.employerbrandingconference.ro\/\" target=\"_blank\" rel=\"noopener\">www.employerbrandingconference.ro<\/a>.<\/strong><\/p>\n<p id=\"8\"><em>Employer Branding Conference este un eveniment organizat de Evensys \u00een parteneriat cu Lidl Rom\u00e2nia \u0219i cu sprijinul Bosch Rom\u00e2nia, Nagarro, eMAG, Exploratist, Sphera Franchise Group, HEINEKEN Rom\u00e2nia, KPMG Rom\u00e2nia, Up Rom\u00e2nia, Agrii Rom\u00e2nia, 7Card by Gympass, eJobs Group \u0219i International House Bucharest.<\/em><\/p>\n<div id=\"joker-3\" class=\"is-hidden-mobile joker\">\n<div id=\"div-billboard4\"><\/div>\n<\/div>\n<p id=\"9\"><strong>DESPRE EVENSYS<\/strong><\/p>\n<p id=\"10\">EVENSYS este o companie de planificare de evenimente, cu peste 16 ani de experien\u021b\u0103 \u00een organizarea de evenimente business. Evensys este specializat\u0103 exclusiv pe dezvoltarea de conferin\u021be \u0219i de seminare proprii, ce acoper\u0103 \u0219apte domenii de activitate: Marketing &amp; Comunicare, Internet &amp; New Media, Financiar &amp; Investi\u021bii, HR, Real Estate, Production \u0219i Retail. Evenimentele organizate trateaz\u0103 tematici actuale, care privesc at\u00e2t industria de business local\u0103, c\u00e2t \u0219i cea din Europa Central\u0103 \u0219i de Sud-Est.<\/p>\n","protected":false},"excerpt":{"rendered":"<p>\u200b\u00centr-o lume a schimb\u0103rilor rapide \u0219i a provoc\u0103rilor constante, domeniul resurselor umane evolueaz\u0103 dincolo de limitele tradi\u021bionale, devenind un factor crucial \u00een adaptarea organiza\u021biilor la noile paradigme ale mediului de afaceri. \u00cen acest context dinamic, conceptul de Employer Branding se contureaz\u0103 ca o cheie esen\u021bial\u0103 pentru a atrage, re\u021bine \u0219i dezvolta talente \u00een cadrul companiilor. [&hellip;]<\/p>\n","protected":false},"author":7,"featured_media":0,"comment_status":"open","ping_status":"closed","sticky":false,"template":"","format":"standard","meta":{"jetpack_post_was_ever_published":false,"_jetpack_newsletter_access":"","_jetpack_dont_email_post_to_subs":false,"_jetpack_newsletter_tier_id":0,"_jetpack_memberships_contains_paywalled_content":false,"_jetpack_memberships_contains_paid_content":false,"footnotes":"","jetpack_publicize_message":"","jetpack_publicize_feature_enabled":true,"jetpack_social_post_already_shared":true,"jetpack_social_options":{"image_generator_settings":{"template":"highway","default_image_id":0,"font":"","enabled":false},"version":2}},"categories":[192],"tags":[1299],"class_list":["post-45797","post","type-post","status-publish","format-standard","hentry","category-comunicate-de-presa","tag-employer-branding-conference"],"jetpack_publicize_connections":[],"jetpack_featured_media_url":"","jetpack_sharing_enabled":true,"jetpack_shortlink":"https:\/\/wp.me\/p1H7ta-bUF","_links":{"self":[{"href":"https:\/\/www.zelist.ro\/blog\/wp-json\/wp\/v2\/posts\/45797","targetHints":{"allow":["GET"]}}],"collection":[{"href":"https:\/\/www.zelist.ro\/blog\/wp-json\/wp\/v2\/posts"}],"about":[{"href":"https:\/\/www.zelist.ro\/blog\/wp-json\/wp\/v2\/types\/post"}],"author":[{"embeddable":true,"href":"https:\/\/www.zelist.ro\/blog\/wp-json\/wp\/v2\/users\/7"}],"replies":[{"embeddable":true,"href":"https:\/\/www.zelist.ro\/blog\/wp-json\/wp\/v2\/comments?post=45797"}],"version-history":[{"count":3,"href":"https:\/\/www.zelist.ro\/blog\/wp-json\/wp\/v2\/posts\/45797\/revisions"}],"predecessor-version":[{"id":45801,"href":"https:\/\/www.zelist.ro\/blog\/wp-json\/wp\/v2\/posts\/45797\/revisions\/45801"}],"wp:attachment":[{"href":"https:\/\/www.zelist.ro\/blog\/wp-json\/wp\/v2\/media?parent=45797"}],"wp:term":[{"taxonomy":"category","embeddable":true,"href":"https:\/\/www.zelist.ro\/blog\/wp-json\/wp\/v2\/categories?post=45797"},{"taxonomy":"post_tag","embeddable":true,"href":"https:\/\/www.zelist.ro\/blog\/wp-json\/wp\/v2\/tags?post=45797"}],"curies":[{"name":"wp","href":"https:\/\/api.w.org\/{rel}","templated":true}]}}