
{"id":44794,"date":"2023-04-07T14:50:08","date_gmt":"2023-04-07T12:50:08","guid":{"rendered":"https:\/\/www.zelist.ro\/blog\/?p=44794"},"modified":"2023-04-07T14:50:08","modified_gmt":"2023-04-07T12:50:08","slug":"cel-mai-mare-eveniment-de-marketing-din-romania-va-asteapta-pe-11-si-12-mai-la-bucuresti","status":"publish","type":"post","link":"https:\/\/www.zelist.ro\/blog\/cel-mai-mare-eveniment-de-marketing-din-romania-va-asteapta-pe-11-si-12-mai-la-bucuresti\/","title":{"rendered":"Cel mai mare eveniment de marketing din Rom\u00e2nia v\u0103 a\u0219teapt\u0103 pe 11 \u0219i 12 mai la Bucure\u0219ti"},"content":{"rendered":"<p>Schimb\u0103rile \u0219i lec\u021biile din ultimii ani i-au preg\u0103tit pe speciali\u0219tii \u00een marketing digital pentru un nou an de adaptare \u0219i relansare. \u00cen 2023, practicienii \u00een marcom din \u00eentreaga lume nu mai vorbesc despre rezilien\u021b\u0103, ci mai degrab\u0103 de o planificare atent\u0103 a strategiilor pentru a cre\u0219te prezen\u021ba brand-urilor lor \u00een pia\u021b\u0103, \u00een ciuda oric\u0103ror obstacole care ar putea ap\u0103rea.<\/p>\n<p><img loading=\"lazy\" decoding=\"async\" class=\"aligncenter size-full wp-image-44798\" src=\"https:\/\/www.zelist.ro\/blog\/wp-content\/uploads\/2023\/04\/IMG-Press-1-1.jpg\" alt=\"\" width=\"650\" height=\"366\" srcset=\"https:\/\/www.zelist.ro\/blog\/wp-content\/uploads\/2023\/04\/IMG-Press-1-1.jpg 650w, https:\/\/www.zelist.ro\/blog\/wp-content\/uploads\/2023\/04\/IMG-Press-1-1-300x169.jpg 300w\" sizes=\"auto, (max-width: 650px) 100vw, 650px\" \/><\/p>\n<p>Oamenii de marketing \u0219i exper\u021bii din agen\u021bii trebuie s\u0103 fie preg\u0103ti\u021bi s\u0103 fac\u0103 mai multe cu mai pu\u021bin \u0219i chiar s\u0103 opereze cu bugete reduse \u0219i, \u00een acela\u0219i timp, trebuie s\u0103 fie la curent cu noile instrumente, platforme \u0219i tactici de promovare pentru a profita de oportunit\u0103\u021bi \u0219i a \u00eent\u00e2mpina exigen\u021bele consumatorilor.<\/p>\n<p>De la con\u021binut video mai scurt, colaborarea mai intens\u0103 cu influencerii \u0219i diversificarea canalelor de social media la \u00eensu\u0219irea tehnologiilor AI, personalizarea extins\u0103 a mesajelor \u0219i folosirea datelor \u00een segmentarea publicurilor \u021bint\u0103, cele mai importante subiecte ale momentului sunt aduse \u00een prim plan la cel mai mare eveniment de marketing al anului 2023.<\/p>\n<p>Pe 11 \u0219i 12 mai, speciali\u0219ti cu o experien\u021b\u0103 vast\u0103 \u00een marketing \u0219i online advertising la nivel local \u0219i interna\u021bional aduc cele mai noi idei, tendin\u021be actuale \u0219i solu\u021bii aplicate la Digital Marketing Forum 2023. La Hotel JW Marriott din Bucure\u0219ti, 50 de speciali\u0219ti din companii, agen\u021bii \u0219i de la platforme digitale cunoscute se vor \u00eent\u00e2lni cu 600 de profesioni\u0219ti marcom din Rom\u00e2nia pentru 2 zile \u0219i 4 evenimente de larg interes.<\/p>\n<p><strong>J<\/strong><strong>oi<\/strong><strong>, 11\u00a0<\/strong><strong>mai<\/strong><strong>\u00a02023 \/\/<\/strong><strong>\u00a0Digital Marketing Conference Day 1<\/strong><\/p>\n<p><em>Mastering the Digital Arena: Innovative Strategies and Tactics for Marketing Success<\/em><\/p>\n<p>Afl\u0103 noile tendin\u021be \u00een marketingul digital \u0219i intr\u0103 \u00een culisele unor campanii eficiente. Alege noi modalit\u0103\u021bi de a ajunge \u021bintit la publicul t\u0103u, cu costuri reduse.<\/p>\n<p><strong>V<\/strong><strong>ineri<\/strong><strong>, 12\u00a0<\/strong><strong>mai<\/strong><strong>\u00a02023 \/\/\u00a0<\/strong><strong>Digital Marketing Conference Day 2<\/strong><\/p>\n<p><em>Future-Forward Marketing: Embracing Trends and Unleashing Creativity<\/em><\/p>\n<p>\u00cenva\u021b\u0103 cum s\u0103 creezi \u0219i s\u0103 \u00eembun\u0103t\u0103\u021be\u0219ti strategii de marketing digital adaptate la a\u0219tept\u0103rile consumatorilor, folosind cele mai noi tactici.<\/p>\n<p><strong>V<\/strong><strong>ineri<\/strong><strong>, 12\u00a0<\/strong><strong>mai<\/strong><strong>\u00a02023 \/\/\u00a0<\/strong><strong>Digital Marketing Masterclass 1<\/strong><\/p>\n<p><em>Integrated Digital Marketing Strategy<\/em><\/p>\n<p>Aprofundeaz\u0103 tehnicile de promovare care dau rezultate, dezvolt\u0103 competen\u021be noi \u0219i completeaz\u0103-\u021bi strategia cu platforme noi \u0219i utile.<\/p>\n<p><strong>V<\/strong><strong>ineri<\/strong><strong>, 12\u00a0<\/strong><strong>mai<\/strong><strong>\u00a02023 \/\/\u00a0<\/strong><strong>Digital Marketing Masterclass 2<\/strong><\/p>\n<p><em>Advanced Social Media Marketing Strategy<\/em><\/p>\n<p>Descoper\u0103 metode pentru campaniile \u00een social media de la exper\u021bi de top \u0219i actualizeaz\u0103-\u021bi planurile de promovare pentru restul anului.<\/p>\n<p>Speciali\u0219ti cu o experien\u021b\u0103 vast\u0103 \u00een marketing \u0219i online advertising la nivel local \u0219i interna\u021bional vor urca pe scena noii edi\u021bii Digital Marketing Forum. Printre vorbitorii confirma\u021bi se num\u0103r\u0103:<\/p>\n<ul>\n<li>Dr. Annie Hou (SVP &#8211; Global Head of AI &amp; Behavioural Sciences, MRM London)<\/li>\n<li>Simona Panait (Head of Corporate Marketing &amp; Communications, Samsung Electronics Romania)<\/li>\n<li>Katarzyna Kabiesz (Head of Insights for CEE, Teads)<\/li>\n<li>Alex Victoriu (Partnerships Lead, Tiktok Central Europe)<\/li>\n<li>Diana T\u0103nase (Marketing Director, Mastercard)<\/li>\n<li>Adrian P\u0103s\u0103ric\u0103 (Head of Marketing, Orkla Foods)<\/li>\n<li>Vytautas Paukstys\u00a0 (CEO &amp; Founder, Eskimi)<\/li>\n<li>Orlando Nicoar\u0103 (Managing Partner, EAD)<\/li>\n<li>Ioana Zamfir (Executive Creative Director, MRM Romania)<\/li>\n<li>Drago\u0219 Stanca (Partner, Thinkdigital)<\/li>\n<li>Alina Neagu (Digital Marketing Manager, Medlife Group)<\/li>\n<li>Andrei Bereand\u0103 (Head of Digital, Pro TV)<\/li>\n<li>Alex Vi\u0219a (Chief Digital Officer, GroupM)<\/li>\n<li>Diana Stan (Head of Digital &amp; Marketing Communication, Engie Romania)<\/li>\n<li>Adrian Biciu (Commercial Director See, Adform)<\/li>\n<li>Gabriel P\u0103tru (Brand Strategist, Therefour.io)<\/li>\n<\/ul>\n<p>Mai multe\u00a0informa\u021bii\u00a0despre\u00a0eveniment, agend\u0103 \u0219i\u00a0vorbitori sunt disponibile pe\u00a0<a href=\"http:\/\/www.digitalforum.ro\/\" target=\"_blank\" rel=\"noreferrer noopener\"><strong>www.digitalforum.ro<\/strong><\/a>. Evenimentul este organizat exclusiv offline. Profesioni\u0219tii interesa\u021bi de noua edi\u021bie au la dispozi\u021bie pe site-ul oficial mai multe op\u021biuni de participare pentru cele dou\u0103 zile ale evenimentului. Consult\u0103 pagina de Participare, alege pachetul potrivit nevoilor tale de \u00eenv\u0103\u021bare \u0219i rezerv\u0103 un loc la cea mai mare \u00eent\u00e2lnire a oamenilor de marketing din 2023.<\/p>\n<p>Digital Marketing Forum 2023 este un eveniment\u00a0organizat de Evensys, realizat\u00a0cu sprijinul BCR, Mastercard, glo, MRM Romania, Teads \u2013 The Global Media Platform, Eskimi, MGID, Httpool, Conversion, Adform, Project Agora Romania.<\/p>\n<p><strong>DESPRE EVENSYS<\/strong><\/p>\n<p>EVENSYS este o companie de planificare de evenimente, cu peste 16 ani de experien\u021b\u0103 \u00een organizarea de evenimente business. Evensys este specializat\u0103 exclusiv pe dezvoltarea de conferin\u021be \u0219i de seminare proprii, ce acoper\u0103 \u0219apte domenii de activitate: Marketing &amp; Comunicare, Internet &amp; New Media, Financiar &amp; Investi\u021bii, HR, Real Estate, Production \u0219i Retail. Evenimentele organizate trateaz\u0103 tematici actuale, care privesc at\u00e2t industria de business local\u0103, c\u00e2t \u0219i cea din Europa Central\u0103 \u0219i de Sud-Est.<\/p>\n","protected":false},"excerpt":{"rendered":"<p>Schimb\u0103rile \u0219i lec\u021biile din ultimii ani i-au preg\u0103tit pe speciali\u0219tii \u00een marketing digital pentru un nou an de adaptare \u0219i relansare. \u00cen 2023, practicienii \u00een marcom din \u00eentreaga lume nu mai vorbesc despre rezilien\u021b\u0103, ci mai degrab\u0103 de o planificare atent\u0103 a strategiilor pentru a cre\u0219te prezen\u021ba brand-urilor lor \u00een pia\u021b\u0103, \u00een ciuda oric\u0103ror obstacole [&hellip;]<\/p>\n","protected":false},"author":7,"featured_media":0,"comment_status":"open","ping_status":"closed","sticky":false,"template":"","format":"standard","meta":{"jetpack_post_was_ever_published":false,"_jetpack_newsletter_access":"","_jetpack_dont_email_post_to_subs":false,"_jetpack_newsletter_tier_id":0,"_jetpack_memberships_contains_paywalled_content":false,"_jetpack_memberships_contains_paid_content":false,"footnotes":"","jetpack_publicize_message":"","jetpack_publicize_feature_enabled":true,"jetpack_social_post_already_shared":true,"jetpack_social_options":{"image_generator_settings":{"template":"highway","default_image_id":0,"font":"","enabled":false},"version":2}},"categories":[192,8],"tags":[2337],"class_list":["post-44794","post","type-post","status-publish","format-standard","hentry","category-comunicate-de-presa","category-social-media","tag-digital-marketing-forum-2023"],"jetpack_publicize_connections":[],"jetpack_featured_media_url":"","jetpack_sharing_enabled":true,"jetpack_shortlink":"https:\/\/wp.me\/p1H7ta-bEu","_links":{"self":[{"href":"https:\/\/www.zelist.ro\/blog\/wp-json\/wp\/v2\/posts\/44794","targetHints":{"allow":["GET"]}}],"collection":[{"href":"https:\/\/www.zelist.ro\/blog\/wp-json\/wp\/v2\/posts"}],"about":[{"href":"https:\/\/www.zelist.ro\/blog\/wp-json\/wp\/v2\/types\/post"}],"author":[{"embeddable":true,"href":"https:\/\/www.zelist.ro\/blog\/wp-json\/wp\/v2\/users\/7"}],"replies":[{"embeddable":true,"href":"https:\/\/www.zelist.ro\/blog\/wp-json\/wp\/v2\/comments?post=44794"}],"version-history":[{"count":4,"href":"https:\/\/www.zelist.ro\/blog\/wp-json\/wp\/v2\/posts\/44794\/revisions"}],"predecessor-version":[{"id":44799,"href":"https:\/\/www.zelist.ro\/blog\/wp-json\/wp\/v2\/posts\/44794\/revisions\/44799"}],"wp:attachment":[{"href":"https:\/\/www.zelist.ro\/blog\/wp-json\/wp\/v2\/media?parent=44794"}],"wp:term":[{"taxonomy":"category","embeddable":true,"href":"https:\/\/www.zelist.ro\/blog\/wp-json\/wp\/v2\/categories?post=44794"},{"taxonomy":"post_tag","embeddable":true,"href":"https:\/\/www.zelist.ro\/blog\/wp-json\/wp\/v2\/tags?post=44794"}],"curies":[{"name":"wp","href":"https:\/\/api.w.org\/{rel}","templated":true}]}}