
{"id":43599,"date":"2022-12-11T11:19:52","date_gmt":"2022-12-11T09:19:52","guid":{"rendered":"https:\/\/www.zelist.ro\/blog\/?p=43599"},"modified":"2022-12-11T11:19:53","modified_gmt":"2022-12-11T09:19:53","slug":"asociatia-studentilor-din-facultatea-de-limbi-si-literaturi-straine-din-cadrul-universitatii-din-bucuresti-organizeaza-in-perioada-5-23-decembrie-campania-umanitara-smile","status":"publish","type":"post","link":"https:\/\/www.zelist.ro\/blog\/asociatia-studentilor-din-facultatea-de-limbi-si-literaturi-straine-din-cadrul-universitatii-din-bucuresti-organizeaza-in-perioada-5-23-decembrie-campania-umanitara-smile\/","title":{"rendered":"Asocia\u021bia Studen\u021bilor din Facultatea de Limbi \u0219i Literaturi Str\u0103ine din cadrul Universit\u0103\u021bii din Bucure\u0219ti organizeaz\u0103 \u00een perioada 5-23 decembrie Campania Umanitar\u0103 SMILE"},"content":{"rendered":"<p>Asocia\u021bia Studen\u021bilor din Facultatea de Limbi \u0219i Literaturi Str\u0103ine din cadrul Universit\u0103\u021bii din Bucure\u0219ti organizeaz\u0103 \u00een perioada 5-23 decembrie Campania Umanitar\u0103 SMILE. Proiectul are drept scop str\u00e2ngerea de fonduri pentru o cauz\u0103 nobil\u0103, iar edi\u021bia de anul acesta \u00ee\u0219i propune s\u0103 continue tradi\u021bia implementat\u0103 acum c\u00e2\u021biva ani \u0219i s\u0103 ofere suport, \u00een preajma Cr\u0103ciunului, copiilor defavoriza\u021bi.<\/p>\n<p>&nbsp;<\/p>\n<p>Copil\u0103ria este despre mirosul inconfundabil de cozonac, despre colind\u0103torii ce b\u0103teau la u\u0219\u0103 \u00een Ajunul Cr\u0103ciunului, despre joaca cu bulg\u0103ri de z\u0103pad\u0103 din spatele blocului, precum \u0219i momentele petrecute \u00een familie atunci c\u00e2nd eram mici. Totu\u0219i, an de an, sunt copii care nu au avut ocazia de a sim\u021bi aceste sentimente pe care cei mai mul\u021bi dintre noi le-am avut.<\/p>\n<p><a href=\"https:\/\/www.zelist.ro\/blog\/wp-content\/uploads\/2022\/12\/IMG_5530.jpg\"><img loading=\"lazy\" decoding=\"async\" class=\"alignnone  wp-image-43600\" src=\"https:\/\/www.zelist.ro\/blog\/wp-content\/uploads\/2022\/12\/IMG_5530-213x300.jpg\" alt=\"\" width=\"380\" height=\"535\" srcset=\"https:\/\/www.zelist.ro\/blog\/wp-content\/uploads\/2022\/12\/IMG_5530-213x300.jpg 213w, https:\/\/www.zelist.ro\/blog\/wp-content\/uploads\/2022\/12\/IMG_5530-726x1024.jpg 726w, https:\/\/www.zelist.ro\/blog\/wp-content\/uploads\/2022\/12\/IMG_5530-768x1083.jpg 768w, https:\/\/www.zelist.ro\/blog\/wp-content\/uploads\/2022\/12\/IMG_5530-1089x1536.jpg 1089w, https:\/\/www.zelist.ro\/blog\/wp-content\/uploads\/2022\/12\/IMG_5530.jpg 1170w\" sizes=\"auto, (max-width: 380px) 100vw, 380px\" \/><\/a><\/p>\n<p>Astfel, ASLS \u00ee\u0219i propune, cu ocazia s\u0103rb\u0103torilor de iarn\u0103, s\u0103 aduc\u0103 o buc\u0103\u021bic\u0103 din copil\u0103rie \u00een sufletele celor mici. V\u0103 \u00eentreba\u021bi cum, mai exact? Voi, cei care dona\u021bi, ve\u021bi putea aduce lini\u0219te, bucurie \u0219i dragoste \u00een inimile acestora, transform\u00e2ndu-le Cr\u0103ciunul \u00eentr-o s\u0103rb\u0103toare pe care nu o vor uita niciodat\u0103. Dona\u021biile se pot face p\u00e2n\u0103 \u00een data de 23 decembrie, iar noi v\u0103 \u00eencuraj\u0103m s\u0103 contribui\u021bi, pe c\u00e2t posibil, la s\u0103direa speran\u021bei \u00een inimile acestora \u0219i la crearea unor amintiri de care ace\u0219tia s\u0103-\u0219i aminteasc\u0103 cu drag.<\/p>\n<p>&nbsp;<\/p>\n<p>C\u00e2\u0163iva dintre voluntarii implica\u021bi au descris experien\u021ba tr\u0103it\u0103 \u00een cadrul organiz\u0103rii proiectului, ce reprezint\u0103 aceast\u0103 campanie umanitar\u0103 pentru ei \u0219i cei mici, precum \u0219i importan\u021ba acesteia:<\/p>\n<p>&nbsp;<\/p>\n<p>\u201eCampania Umanitar\u0103 SMILE ne-a demonstrat, chiar \u0219i \u00een format online, c\u0103 spiritul de a ajuta nu se pierde niciodat\u0103. Este proiectul \u00een care fiecare dintre noi poate s\u0103 ajute, indiferent de partea de care se afl\u0103. Fie el voluntar, student, profesor, reprezentant al unei companii, cu to\u021bii ajut\u0103m a\u0219a cum putem. Coordonarea acestui proiect \u00een format online a reprezentat \u00een continuare o provocare, \u00eens\u0103 satisfac\u021bia final\u0103 nu se compar\u0103 cu nimic. Edi\u021bia anterioar\u0103 a \u00eendemnat at\u00e2t studen\u021bii \u0219i voluntarii, c\u00e2t \u0219i c\u00e2teva companii s\u0103 doneze. Edi\u021bia de anul acesta se zvone\u0219te a fi extrem de interesant\u0103, deoarece holurile facult\u0103\u021bii vor fi \u00eensufle\u021bite de organizarea infodesk-urilor, ceea ce va st\u00e2rni interesul multora dintre noi. Nu pot s\u0103 zic altceva dec\u00e2t c\u0103 a\u0219tept cu ner\u0103bdare s\u0103 iau parte la acest proiect!\u201d<\/p>\n<p>&nbsp;<\/p>\n<p>(M\u0103d\u0103lin Catan\u0103 &#8211; Coordonator SMILE 2021)<\/p>\n<p>&nbsp;<\/p>\n<p>\u201eSunt extrem de entuziasmat\u0103 \u0219i a\u0219tept cu ner\u0103bdare s\u0103 iau parte pentru a doua oar\u0103 la acest proiect. Anul trecut am f\u0103cut parte din echipa organizatoare \u0219i am sim\u021bit de departe bucuria celor mai pu\u021bin noroco\u0219i dec\u00e2t noi, dat\u0103 fiind situa\u021bia pandemic\u0103, \u00eens\u0103, \u00een aceast\u0103 edi\u021bie, \u00eemi propun s\u0103 contribui mult mai mult \u0219i s\u0103 aduc z\u00e2mbete pe chipurile copiilor care nu se pot bucura de aceste s\u0103rb\u0103tori, a\u0219a cum mul\u021bi dintre noi o facem.<\/p>\n<p>&nbsp;<\/p>\n<p>Cr\u0103ciunul este despre a crea o lume nou\u0103, plin\u0103 de culoare, fericire \u0219i speran\u021b\u0103. Contribui\u021bi c\u00e2t pute\u021bi pentru a le oferi celor din jur \u0219ansa de a gusta din bucuria acestei perioade unice!\u201d<\/p>\n<p>&nbsp;<\/p>\n<p>(Miruna Flipache &#8211; Asistent-Coordonator SMILE 2021)<\/p>\n<p>&nbsp;<\/p>\n<p>\u201eDup\u0103 doi ani \u00een care acest eveniment a avut loc numai \u00een mediul online, edi\u021bia din acest an se preconizeaz\u0103 a fi cu totul special\u0103, av\u00e2nd \u00een vedere cele spuse de Echipa Coordonatoare din acest an:<\/p>\n<p>&nbsp;<\/p>\n<p>Campania Umanitar\u0103 SMILE reprezint\u0103 proiectul pe care \u00eel a\u0219tept cu ner\u0103bdare \u00een fiecare an, oferindu-ne oportunitatea de a sim\u021bi cu adev\u0103rat spiritul de voluntariat \u0219i magia Cr\u0103ciunului. \u00cenc\u0103 din primul an de studen\u021bie, m-am implicat activ \u00een cadrul acestei campanii, fiind mai \u00eent\u00e2i Voluntarul Proiectului, iar mai apoi Asistent-Coordonator. Anul acesta mi-am dorit s\u0103 m\u0103 implic din postura de Coordonator \u0219i m\u0103 bucur c\u0103 mi s-a oferit ocazia de a m\u0103 sim\u021bi \u00eenc\u0103 o dat\u0103 precum ajutoarele Mo\u0219ului.<\/p>\n<p>&nbsp;<\/p>\n<p>Faptul c\u0103 putem s\u0103 punem z\u00e2mbetul pe buzele copiilor \u0219i s\u0103 le oferim s\u0103rb\u0103tori pline de iubire mi se pare cel mai frumos lucru. Cr\u0103ciunul, \u00een general, ne face s\u0103 fim mai buni \u0219i mai aten\u021bi la nevoile celor din jurul nostru, mai empatici \u0219i mai deschi\u0219i, exact cum ar trebui s\u0103 fim tot anul. Poate c\u0103 nu realiz\u0103m c\u00e2t de importante sunt astfel de ac\u021biuni atunci c\u00e2nd vine vorba de copila\u0219ii care provin din medii defavorizate, dar orice gest, c\u00e2t de micu\u021b, conteaz\u0103.<\/p>\n<p>&nbsp;<\/p>\n<p>Al\u0103turi de Echipa Coordonatoare de spiridu\u0219i din acest an, suntem motiva\u021bi s\u0103 facem tot ce ne st\u0103 \u00een putin\u021b\u0103 pentru a le oferi tuturor sentimentul unic SMILE. Am preg\u0103tit o mul\u021bime de surprize, printre care o pies\u0103 de teatru, un t\u00e2rg de Cr\u0103ciun \u0219i o sear\u0103 de colinde, \u0219i chiar sper\u0103m s\u0103 v\u0103 avem al\u0103turi de noi \u0219i \u00een aceast\u0103 edi\u021bie.\u201d<\/p>\n<p>&nbsp;<\/p>\n<p>(Andreea Munteanu &#8211; Coordonator SMILE 2022)<\/p>\n<p>&nbsp;<\/p>\n<p>\u201eCampania Umanitar\u0103 Smile este primul proiect \u00een cadrul c\u0103ruia sunt organizator \u0219i pot spune c\u0103 este o experien\u021b\u0103 absolut magic\u0103. Chiar de anul trecut, c\u00e2nd eram \u00een perioada de mentorat, \u021bin minte c\u0103 tot auzeam de acest proiect \u0219i m\u0103 \u00eenc\u00e2nta mereu c\u00e2nd citeam despre el. Ce m-a motivat s\u0103 preiau proiectul a fost ideea de a le face unor copii s\u0103rb\u0103torile mai frumoase \u0219i de a \u00eei ajuta s\u0103 se bucure de aceast\u0103 perioad\u0103 festiv\u0103.<\/p>\n<p>&nbsp;<\/p>\n<p>Av\u00e2nd \u00een vedere c\u0103 edi\u021bia de anul acesta se va desf\u0103\u0219ura \u00een format fizic, am decis s\u0103 organiz\u0103m o serie de activit\u0103\u021bi care s\u0103 ne scoat\u0103 din rutina zilnic\u0103 \u0219i s\u0103 ne transpun\u0103 \u00een frumosul spirit al s\u0103rb\u0103torilor. A\u0219adar, v\u0103 a\u0219tept\u0103m cu mare drag s\u0103 fim cu to\u021bii o raz\u0103 de soare \u00een via\u021ba cuiva!\u201d<\/p>\n<p>&nbsp;<\/p>\n<p>(Ana Ion &#8211; Asistent-Coordonator SMILE 2022)<\/p>\n<p>&nbsp;<\/p>\n<p>Pentru detalii suplimentare despre proiect, pute\u021bi contacta Asocia\u021bia Studen\u021bilor din Facultatea de Limbi \u0219i Literaturi Str\u0103ine, pe pagina de Facebook ASLS Rom\u00e2nia: <a href=\"https:\/\/web.facebook.com\/aslsro\">https:\/\/web.facebook.com\/aslsro<\/a>.<\/p>\n<p>&nbsp;<\/p>\n","protected":false},"excerpt":{"rendered":"<p>Asocia\u021bia Studen\u021bilor din Facultatea de Limbi \u0219i Literaturi Str\u0103ine din cadrul Universit\u0103\u021bii din Bucure\u0219ti organizeaz\u0103 \u00een perioada 5-23 decembrie Campania Umanitar\u0103 SMILE. Proiectul are drept scop str\u00e2ngerea de fonduri pentru o cauz\u0103 nobil\u0103, iar edi\u021bia de anul acesta \u00ee\u0219i propune s\u0103 continue tradi\u021bia implementat\u0103 acum c\u00e2\u021biva ani \u0219i s\u0103 ofere suport, \u00een preajma Cr\u0103ciunului, copiilor [&hellip;]<\/p>\n","protected":false},"author":14,"featured_media":0,"comment_status":"open","ping_status":"closed","sticky":false,"template":"","format":"standard","meta":{"jetpack_post_was_ever_published":false,"_jetpack_newsletter_access":"","_jetpack_dont_email_post_to_subs":false,"_jetpack_newsletter_tier_id":0,"_jetpack_memberships_contains_paywalled_content":false,"_jetpack_memberships_contains_paid_content":false,"footnotes":"","jetpack_publicize_message":"","jetpack_publicize_feature_enabled":true,"jetpack_social_post_already_shared":true,"jetpack_social_options":{"image_generator_settings":{"template":"highway","default_image_id":0,"font":"","enabled":false},"version":2}},"categories":[192],"tags":[2223],"class_list":["post-43599","post","type-post","status-publish","format-standard","hentry","category-comunicate-de-presa","tag-asls"],"jetpack_publicize_connections":[],"jetpack_featured_media_url":"","jetpack_sharing_enabled":true,"jetpack_shortlink":"https:\/\/wp.me\/p1H7ta-bld","_links":{"self":[{"href":"https:\/\/www.zelist.ro\/blog\/wp-json\/wp\/v2\/posts\/43599","targetHints":{"allow":["GET"]}}],"collection":[{"href":"https:\/\/www.zelist.ro\/blog\/wp-json\/wp\/v2\/posts"}],"about":[{"href":"https:\/\/www.zelist.ro\/blog\/wp-json\/wp\/v2\/types\/post"}],"author":[{"embeddable":true,"href":"https:\/\/www.zelist.ro\/blog\/wp-json\/wp\/v2\/users\/14"}],"replies":[{"embeddable":true,"href":"https:\/\/www.zelist.ro\/blog\/wp-json\/wp\/v2\/comments?post=43599"}],"version-history":[{"count":1,"href":"https:\/\/www.zelist.ro\/blog\/wp-json\/wp\/v2\/posts\/43599\/revisions"}],"predecessor-version":[{"id":43601,"href":"https:\/\/www.zelist.ro\/blog\/wp-json\/wp\/v2\/posts\/43599\/revisions\/43601"}],"wp:attachment":[{"href":"https:\/\/www.zelist.ro\/blog\/wp-json\/wp\/v2\/media?parent=43599"}],"wp:term":[{"taxonomy":"category","embeddable":true,"href":"https:\/\/www.zelist.ro\/blog\/wp-json\/wp\/v2\/categories?post=43599"},{"taxonomy":"post_tag","embeddable":true,"href":"https:\/\/www.zelist.ro\/blog\/wp-json\/wp\/v2\/tags?post=43599"}],"curies":[{"name":"wp","href":"https:\/\/api.w.org\/{rel}","templated":true}]}}