
{"id":40960,"date":"2022-05-04T07:35:13","date_gmt":"2022-05-04T05:35:13","guid":{"rendered":"https:\/\/www.zelist.ro\/blog\/?p=40960"},"modified":"2022-05-04T07:35:13","modified_gmt":"2022-05-04T05:35:13","slug":"zilele-portilor-deschise-la-facultatea-de-limbi-si-literaturi-straine-universitatea-din-bucuresti-poarta-catre-orizonturi-noi","status":"publish","type":"post","link":"https:\/\/www.zelist.ro\/blog\/zilele-portilor-deschise-la-facultatea-de-limbi-si-literaturi-straine-universitatea-din-bucuresti-poarta-catre-orizonturi-noi\/","title":{"rendered":"Zilele Por\u021bilor Deschise la Facultatea de Limbi \u0219i Literaturi Str\u0103ine, Universitatea din Bucure\u0219ti: poarta c\u0103tre orizonturi noi"},"content":{"rendered":"<p>Asocia\u021bia Studen\u021bilor din Facultatea de Limbi \u0219i Literaturi Str\u0103ine, Universitatea din Bucure\u0219ti, desf\u0103\u0219oar\u0103 \u00een perioada 2-27 mai proiectul anual Zilele Por\u021bilor Deschise. Scopul principal al acestui proiect este familiarizarea viitorilor studen\u021bi cu facultatea. Se urm\u0103re\u0219te promovarea programelor de licen\u021b\u0103 \u0219i masterat din cadrul facult\u0103\u021bii, iar proiectul se adreseaz\u0103 \u00een special elevilor de liceu afla\u021bi \u00een ani terminali.<\/p>\n<p><a href=\"https:\/\/www.zelist.ro\/blog\/wp-content\/uploads\/2022\/05\/Afis-ZPD.jpg\"><img loading=\"lazy\" decoding=\"async\" class=\"alignnone  wp-image-40961\" src=\"https:\/\/www.zelist.ro\/blog\/wp-content\/uploads\/2022\/05\/Afis-ZPD-212x300.jpg\" alt=\"\" width=\"385\" height=\"545\" srcset=\"https:\/\/www.zelist.ro\/blog\/wp-content\/uploads\/2022\/05\/Afis-ZPD-212x300.jpg 212w, https:\/\/www.zelist.ro\/blog\/wp-content\/uploads\/2022\/05\/Afis-ZPD-724x1024.jpg 724w, https:\/\/www.zelist.ro\/blog\/wp-content\/uploads\/2022\/05\/Afis-ZPD-768x1086.jpg 768w, https:\/\/www.zelist.ro\/blog\/wp-content\/uploads\/2022\/05\/Afis-ZPD.jpg 1024w\" sizes=\"auto, (max-width: 385px) 100vw, 385px\" \/><\/a><\/p>\n<p>Lu\u00e2nd \u00een considerare situa\u021bia pandemic\u0103 actual\u0103, proiectul se va desf\u0103\u0219ura \u00een mediul online, prin intermediul mai multor webinare, \u00een cadrul c\u0103rora elevii vor primi informa\u021bii referitoare la facultate. De asemenea, vor putea pune \u00eentreb\u0103ri legate de via\u021ba de student. Se vor organiza webinare pentru aproape fiecare limb\u0103 studiat\u0103 \u00een ciclul de licen\u021b\u0103 pentru elevii care iau \u00een considerare \u00eenceperea studiilor la Facultatea de Limbi \u0219i Literaturi Str\u0103ine. \u00cen plus, vor fi prezentate \u0219i programele de master, care se adreseaz\u0103 studen\u021bilor ce \u00ee\u0219i doresc s\u0103 continue sau s\u0103 \u00eenceap\u0103 acest ciclu de studii \u00een cadrul facult\u0103\u021bii. Webinarele vor fi \u021binute at\u00e2t de profesori, c\u00e2t \u0219i de studen\u021bii voluntari ai asocia\u021biei, dispu\u0219i s\u0103 r\u0103spund\u0103 la orice \u00eentrebare care le va fi adresat\u0103.<\/p>\n<p>Printre temele care vor fi abordate se num\u0103r\u0103 informa\u021biile legate de admiterea din acest an, aspectele legate de c\u0103minele studen\u021be\u0219ti \u0219i procesul de cazare, taxe, precum \u0219i posibilit\u0103\u021bile de angajare \u00een urma absolvirii facult\u0103\u021bii. Edi\u021biile din anii trecu\u021bi ale acestui proiect s-au bucurat de un succes r\u0103sun\u0103tor, at\u00e2t elevii, c\u00e2t \u0219i studen\u021bii, declar\u00e2ndu-se pe deplin mul\u021bumi\u021bi. Mai jos pute\u021bi citi m\u0103rturiile celor dou\u0103 studente coordonatoare de anul acesta, Miruna Flipache \u0219i Iuliana Ghiga:<\/p>\n<p>\u201eOportunitatea de a coordona edi\u021bia de anul acesta reprezint\u0103 ocazia perfect\u0103 prin care m\u0103 pot dezvolta \u0219i autodep\u0103\u0219i. Am decis ca \u0219i edi\u021bia de anul acesta s\u0103 se desf\u0103\u0219oare \u00een format online, din dorin\u021ba de a le oferi tuturor posibilitatea de a participa la webinarele pe care le vom organiza. Indiferent de locul \u00een care se vor afla, elevii vor putea intra la webinarele destinate fiec\u0103rei limbi str\u0103ine studiate, vor putea adresa direct \u00eentreb\u0103ri profesorilor de la catedra respectiv\u0103 \u0219i astfel vor decide dac\u0103 aceast\u0103 facultate se pliaz\u0103 pe nevoile lor.<\/p>\n<p>Am participat \u0219i eu \u00een edi\u021biile precedente \u0219i v\u0103 pot spune c\u0103 webinarele sunt extrem de utile. V\u0103 vor da o cu totul alt\u0103 perspectiv\u0103 asupra lucrurilor \u0219i ve\u021bi \u00een\u021belege cum e s\u0103 fii student. Totul va deveni mult mai clar \u00een mintea voastr\u0103, iar facultatea nu va mai reprezenta un motiv de team\u0103. A\u0219adar, v\u0103 a\u0219tept\u0103m cu bra\u021bele deschise \u0219i sper\u0103m s\u0103 participa\u021bi \u00een num\u0103r c\u00e2t mai mare. Nu ve\u021bi regreta. Profita\u021bi de aceast\u0103 ocazie \u0219i adresa\u021bi-le \u00eentreb\u0103ri at\u00e2t voluntarilor ASLS, c\u00e2t \u0219i profesorilor care vor participa la webinare.\u201d- Miruna Flipache, coordonator Zilele Por\u021bilor Deschise 2022<\/p>\n<p>\u201eZilele Por\u021bilor Deschise a fost primul proiect organizat de ASLS \u0219i FLLS despre care am auzit. Din momentul \u00een care am devenit student\u0103, am luat parte la fiecare edi\u021bie, prezent\u00e2nd facultatea \u00een licee \u0219i discut\u00e2nd cu elevii dornici s\u0103 afle mai multe informa\u021bii, at\u00e2t online, c\u00e2t \u0219i fizic, la infodesk, \u00een urm\u0103 cu c\u00e2\u021biva ani. Anul acesta m\u0103 bucur s\u0103 fac parte din echipa organizatoare \u0219i s\u0103 fiu prezent\u0103 la fiecare pas pe care viitorii studen\u021bi \u00eel fac c\u0103tre facultatea noastr\u0103.<\/p>\n<p>Mediul online mi se pare c\u0103 a influen\u021bat \u00een mod pozitiv proiectul, webinarele organizate pentru fiecare specializare \u0219i program de masterat \u00een parte fiind mult mai eficiente pentru ca elevii \u0219i studen\u021bii s\u0103 se poat\u0103 orienta spre programul care este cel mai potrivit pentru ei. Sunt sigur\u0103 c\u0103 prin participarea la Zilele Por\u021bilor Deschise vor g\u0103si r\u0103spunsuri la toate \u00eentreb\u0103rile pe care le au.\u201d &#8211; Iuliana Ghiga, coordonator Zilele Por\u021bilor Deschise 2022<\/p>\n<p>Cei interesa\u021bi pot accesa grupurile special create. Linkul c\u0103tre grupul de Facebook dedicat ciclului de licen\u021b\u0103: <a href=\"https:\/\/www.facebook.com\/groups\/841229380607119\/?ref=share\">https:\/\/www.facebook.com\/groups\/841229380607119\/?ref=share<\/a>, respectiv linkul c\u0103tre grupul de Facebook dedicat masteratelor: <a href=\"https:\/\/www.facebook.com\/groups\/712420953100751\/?ref=share\">https:\/\/www.facebook.com\/groups\/712420953100751\/?ref=share<\/a>.<\/p>\n<p>&nbsp;<\/p>\n<p>Pentru informa\u021bii suplimentare, pute\u021bi contacta Asocia\u021bia Studen\u021bilor din Facultatea de Limbi \u0219i Literaturi Str\u0103ine, pe pagina de Facebook ASLS Rom\u00e2nia.<\/p>\n<p>&nbsp;<\/p>\n","protected":false},"excerpt":{"rendered":"<p>Asocia\u021bia Studen\u021bilor din Facultatea de Limbi \u0219i Literaturi Str\u0103ine, Universitatea din Bucure\u0219ti, desf\u0103\u0219oar\u0103 \u00een perioada 2-27 mai proiectul anual Zilele Por\u021bilor Deschise. Scopul principal al acestui proiect este familiarizarea viitorilor studen\u021bi cu facultatea. Se urm\u0103re\u0219te promovarea programelor de licen\u021b\u0103 \u0219i masterat din cadrul facult\u0103\u021bii, iar proiectul se adreseaz\u0103 \u00een special elevilor de liceu afla\u021bi \u00een [&hellip;]<\/p>\n","protected":false},"author":14,"featured_media":0,"comment_status":"open","ping_status":"closed","sticky":false,"template":"","format":"standard","meta":{"jetpack_post_was_ever_published":false,"_jetpack_newsletter_access":"","_jetpack_dont_email_post_to_subs":false,"_jetpack_newsletter_tier_id":0,"_jetpack_memberships_contains_paywalled_content":false,"_jetpack_memberships_contains_paid_content":false,"footnotes":"","jetpack_publicize_message":"","jetpack_publicize_feature_enabled":true,"jetpack_social_post_already_shared":true,"jetpack_social_options":{"image_generator_settings":{"template":"highway","default_image_id":0,"font":"","enabled":false},"version":2}},"categories":[192],"tags":[2224,2273],"class_list":["post-40960","post","type-post","status-publish","format-standard","hentry","category-comunicate-de-presa","tag-asls-romania","tag-zilele-portilor-deschise"],"jetpack_publicize_connections":[],"jetpack_featured_media_url":"","jetpack_sharing_enabled":true,"jetpack_shortlink":"https:\/\/wp.me\/p1H7ta-aEE","_links":{"self":[{"href":"https:\/\/www.zelist.ro\/blog\/wp-json\/wp\/v2\/posts\/40960","targetHints":{"allow":["GET"]}}],"collection":[{"href":"https:\/\/www.zelist.ro\/blog\/wp-json\/wp\/v2\/posts"}],"about":[{"href":"https:\/\/www.zelist.ro\/blog\/wp-json\/wp\/v2\/types\/post"}],"author":[{"embeddable":true,"href":"https:\/\/www.zelist.ro\/blog\/wp-json\/wp\/v2\/users\/14"}],"replies":[{"embeddable":true,"href":"https:\/\/www.zelist.ro\/blog\/wp-json\/wp\/v2\/comments?post=40960"}],"version-history":[{"count":1,"href":"https:\/\/www.zelist.ro\/blog\/wp-json\/wp\/v2\/posts\/40960\/revisions"}],"predecessor-version":[{"id":40962,"href":"https:\/\/www.zelist.ro\/blog\/wp-json\/wp\/v2\/posts\/40960\/revisions\/40962"}],"wp:attachment":[{"href":"https:\/\/www.zelist.ro\/blog\/wp-json\/wp\/v2\/media?parent=40960"}],"wp:term":[{"taxonomy":"category","embeddable":true,"href":"https:\/\/www.zelist.ro\/blog\/wp-json\/wp\/v2\/categories?post=40960"},{"taxonomy":"post_tag","embeddable":true,"href":"https:\/\/www.zelist.ro\/blog\/wp-json\/wp\/v2\/tags?post=40960"}],"curies":[{"name":"wp","href":"https:\/\/api.w.org\/{rel}","templated":true}]}}