
{"id":40669,"date":"2022-03-23T08:47:42","date_gmt":"2022-03-23T06:47:42","guid":{"rendered":"https:\/\/www.zelist.ro\/blog\/?p=40669"},"modified":"2022-03-31T17:22:18","modified_gmt":"2022-03-31T15:22:18","slug":"au-inceput-inscrierile-la-linguart","status":"publish","type":"post","link":"https:\/\/www.zelist.ro\/blog\/au-inceput-inscrierile-la-linguart\/","title":{"rendered":"Au \u00eenceput \u00eenscrierile la LinguART"},"content":{"rendered":"<p>Asocia\u021bia Studen\u021bilor din Facultatea de Limbi \u0219i Literaturi Str\u0103ine desf\u0103\u0219oar\u0103, \u00een perioada 19 martie-30 aprilie, o nou\u0103 edi\u021bie a proiectului LinguART. Proiectul are ca scop realizarea de lucr\u0103ri artistice, cu o tematic\u0103 prestabilit\u0103, pentru ca fiecare student s\u0103 \u00ee\u0219i dezvolte imagina\u021bia \u00eentr-un mod constructiv \u0219i pentru a-\u0219i manifesta talentul artistic.<\/p>\n<p>Evenimentul este deschis tuturor studen\u021bilor din cadrul Universit\u0103\u021bii din Bucure\u0219ti, iar participan\u021bii au posibilitatea de a alege dintr-o palet\u0103 larg\u0103 de domenii artistice: arte plastice (pictur\u0103, arte decorative), scriere literar\u0103 (proz\u0103 \u0219i poezie), art\u0103 teatral\u0103 (scurtmetraje, monologuri, sketchuri), fotografie \u0219i art\u0103 digital\u0103. Tematica edi\u021biei de anul acesta este \u201eThe ART of looking forward\u201d.<\/p>\n<p>Cei care doresc s\u0103 participe se pot \u00eenscrie complet\u00e2nd acest formular: <a href=\"https:\/\/docs.google.com\/forms\/d\/e\/1FAIpQLScmVo1gdyf_3l6iT5rolZD2JvSpI0lpC6EY2SsXllVtRyaBtA\/closedform\" target=\"_blank\" rel=\"noopener\">https:\/\/docs.google.com\/forms\/d\/e\/1FAIpQLScmVo1gdyf_3l6iT5rolZD2JvSpI0lpC6EY2SsXllVtRyaBtA\/closedform<\/a>, \u00een perioada 19-27 martie. \u00centre 28 martie-10 aprilie, va avea loc o serie de webinare, aceasta fiind \u0219i perioada \u00een care se pot preda lucr\u0103rile. Dup\u0103 perioada de jurizare, care va avea loc \u00eentre 11-17 aprilie, c\u00e2\u0219tig\u0103torii vor fi anun\u021ba\u021bi pe data de 20 aprilie. Echipa Coordonatoare a proiectului \u00ee\u0219i dore\u0219te s\u0103 organizeze festivitatea de premiere pe data de 30 aprilie, dar pot exista modific\u0103ri \u00een func\u021bie de situa\u021bia de la acea vreme.<\/p>\n<p><a href=\"https:\/\/www.zelist.ro\/blog\/wp-content\/uploads\/2022\/03\/Afis-LinguART.png\"><img loading=\"lazy\" decoding=\"async\" class=\"alignnone wp-image-40670\" src=\"https:\/\/www.zelist.ro\/blog\/wp-content\/uploads\/2022\/03\/Afis-LinguART-212x300.png\" alt=\"\" width=\"470\" height=\"665\" srcset=\"https:\/\/www.zelist.ro\/blog\/wp-content\/uploads\/2022\/03\/Afis-LinguART-212x300.png 212w, https:\/\/www.zelist.ro\/blog\/wp-content\/uploads\/2022\/03\/Afis-LinguART.png 640w\" sizes=\"auto, (max-width: 470px) 100vw, 470px\" \/><\/a><\/p>\n<p>LinguART s-a bucurat de un mare succes \u00een cadrul edi\u021biilor trecute, mul\u021bi studen\u021bi dorindu-\u0219i s\u0103 \u00ee\u0219i dezvolte talentul artistic \u0219i imagina\u021bia. Echipa Coordonatoare LinguART 2021, precum \u0219i participan\u021bi ai edi\u021biei de anul trecut, vorbesc despre importan\u021ba expunerii talentului artistic, scopul proiectului \u0219i despre experien\u021ba pl\u0103cut\u0103 pe care au avut-o \u00een cadrul proiectului:<\/p>\n<p>,,LinguART este un proiect de tip concurs, destinat tuturor studen\u021bilor talenta\u021bi ai Universit\u0103\u021bii din Bucure\u0219ti. De obicei, se desf\u0103\u0219oar\u0103 pe mai multe arii de concurs (pictur\u0103, fotografie, design grafic etc.). Scopul lui este promovarea tinerelor talente din Universitatea noastr\u0103.<\/p>\n<p>Am aplicat anul trecut al\u0103turi de Octavian Sauciuc pentru postul de Coordonator. Atunci nu aveam prea multe cuno\u0219tin\u021be despre acest proiect, dar ne-am informat bine \u00eenainte s\u0103 \u00eencepem. \u021ain minte c\u0103 eram tare entuziasma\u021bi \u0219i ne preg\u0103tisem planul de proiect \u00een cel mai mic detaliu.<\/p>\n<p>Sunt multe aspecte care trebuie luate \u00een considerare: de la stabilirea datelor exacte ale etapelor, la alegerea ariilor de concurs, a premiilor pe care \u00ee\u021bi dore\u0219ti s\u0103 le oferi, a jura\u021bilor \u0219i a unei eventuale loca\u021bii, \u00een cazul \u00een care se va desf\u0103\u0219ura o activitate fizic\u0103. Noi am organizat o expozi\u021bie \u0219i premierea la o cafenea dr\u0103gu\u021b\u0103, unde am invitat participan\u021bii \u0219i jura\u021bii. A fost o atmosfera tare pl\u0103cut\u0103 \u0219i ne-am bucurat c\u0103 am putut facilita un eveniment fizic dup\u0103 mult timp de online.\u201d (C\u0103t\u0103lina Stoica, coordonator LinguART 2021)<\/p>\n<p>,,Sunt de p\u0103rere c\u0103 LinguART este un proiect foarte important, \u00eentruc\u00e2t ofer\u0103 oportunitatea arti\u0219tilor la \u00eenceput de drum de a se afirma \u0219i de a se face v\u0103zu\u021bi. Ceea ce \u00eemi place este faptul c\u0103 exist\u0103 sec\u021biuni diverse: de la poezie p\u00e2n\u0103 la fotografie \u0219i art\u0103 digital\u0103. Anul trecut, tematica a constat \u00een arta \u00een timpul pandemiei, subiect pe baza c\u0103ruia am scris o poezie.<\/p>\n<p>Experien\u021ba de a lua parte la acest concurs a fost deosebit\u0103. Mi-a pus la \u00eencercare abilit\u0103\u021bile de scriitor din care am reu\u0219it s\u0103 \u00eenv\u0103\u021b lucruri noi. Cu siguran\u021b\u0103 voi repeta aceast\u0103 experien\u021b\u0103 la edi\u021biile ce urmeaz\u0103.\u201d (M\u0103d\u0103lina Balea, participant LinguART 2021)<\/p>\n<p>,,LinguArt este impulsul de care ai nevoie pentru a-\u021bi g\u0103si latura artistic\u0103 pe care nu credeai c\u0103 o ai. \u00cencepe cu &lt;&lt;nu \u0219tiu dac\u0103 merit\u0103&gt;&gt; \u0219i se sf\u00e2r\u0219e\u0219te cu &lt;&lt;c\u00e2t de mult mi-a pl\u0103cut, mai particip&gt;&gt;. Nu \u0219tiu cum s-au preg\u0103tit lucrurile \u00een spatele cortinei, pentru c\u0103 eu am fost participant, dar pot spune c\u0103 a fost depus\u0103 mult\u0103 munc\u0103 pentru a pune la punct acest proiect.<\/p>\n<p>Am intrat \u00een curs\u0103 la edi\u021biile din 2020 \u0219i 2021 \u0219i am c\u00e2\u0219tigat primul loc de fiecare dat\u0103. Mi-au pl\u0103cut mult tematicile. M-am reg\u0103sit \u00een ele \u0219i m-au f\u0103cut s\u0103 descop\u0103r o latur\u0103 a mea pe care nu credeam c\u0103 o am. \u0218i asta am f\u0103cut: am scris despre iubire \u0219i despre conflict interior, despre team\u0103 \u0219i despre mintea inocent\u0103 \u0219i frumoas\u0103 a unui Akita Inu pe nume Rei.<\/p>\n<p>LinguART m-a f\u0103cut s\u0103 experimentez \u0219i s\u0103 creez ceva cu totul deosebit. A fost ocazia perfect\u0103 pentru a-mi deschide drumul c\u0103tre o pasiune \u00een domeniul crea\u021biei. LinguART e un mod de via\u021b\u0103!\u201d (Bianca Matei, locul I LinguART 2020 \u0219i 2021)<\/p>\n<p>Edi\u021bia de anul acesta se preg\u0103te\u0219te s\u0103 fie \u00eentru totul inovatoare. Echipa Coordonatoare LinguART 2022 vorbe\u0219te despre cum decurge preg\u0103tirea proiectului, a\u0219tept\u0103rile pe care le au \u0219i primele impresii legate de proiect:<\/p>\n<p>\u201eOportunitatea de a face parte din Echipa Coordonatoare LinguART 2022 reprezint\u0103 pentru mine o adev\u0103rat\u0103 provocare. Ne dorim s\u0103 aducem arti\u0219tii Universit\u0103\u021bii din Bucure\u0219ti la un loc \u0219i s\u0103 le oferim un spa\u021biu \u00een care pot sim\u021bi c\u0103 se pot exprima liber, \u00eentr-un mod creativ.<\/p>\n<p>Procesul de preg\u0103tire a fost unul de-a dreptul minunat \u0219i ne bucur\u0103 faptul c\u0103 am primit suportul multor oameni de cultur\u0103. Suntem siguri c\u0103 studen\u021bii vor fi atra\u0219i de webinarele pe care le vom organiza \u00eempreun\u0103 cu ace\u0219tia \u00een s\u0103pt\u0103m\u00e2nile ce urmeaz\u0103. Cea mai arz\u0103toare dorin\u021b\u0103 a noastr\u0103 ca Echip\u0103 Coordonatoare este s\u0103 avem un num\u0103r c\u00e2t mai mare de concuren\u021bi care s\u0103 \u00ee\u0219i dea fr\u00e2u liber imagina\u021biei \u0219i creativit\u0103\u021bii.\u201d (Andreea Cuprian, Coordonator LinguART 2022)<\/p>\n<p>\u201ePreg\u0103tirile sunt \u00een toi, iar noi muncim mult pentru ca proiectul s\u0103 decurg\u0103 conform planului. C\u00e2nd vine vorba de a\u0219tept\u0103rile pe care le avem, pot spune c\u0103 ne dorim s\u0103 vedem un num\u0103r c\u00e2t mai mare de studen\u021bi ai Universit\u0103\u021bii care doresc s\u0103 participe.<\/p>\n<p>Sper\u0103m, de asemenea, s\u0103 vedem c\u00e2t mai multe lucr\u0103ri inovative, \u00een concordan\u021b\u0103 cu tematica, realizate de participan\u021bi. Experien\u021ba \u00een acest proiect sunt sigur\u0103 c\u0103 m\u0103 va ajuta s\u0103 \u00eenv\u0103\u021b lucruri noi \u00een ceea ce prive\u0219te arta, dar \u0219i s\u0103 m\u0103 dezvolt ca persoan\u0103.\u201d (Diana V\u0103ceanu, Asistent-Coordonator LinguART 2022)<\/p>\n<p>\u201ePreg\u0103tirea proiectului merge foarte bine p\u00e2n\u0103 acum. Suntem toate foarte motivate pentru a reu\u0219i s\u0103 organiz\u0103m o edi\u021bie bine pus\u0103 la punct. Cred cu t\u0103rie c\u0103, la fel ca \u0219i celelalte edi\u021bii, LinguART 2022 va fi un adev\u0103rat succes. Sunt foarte ner\u0103bd\u0103toare s\u0103 descop\u0103r oameni talenta\u021bi \u0219i s\u0103 \u00eencerc s\u0103 \u00eei motivez s\u0103 \u00ee\u0219i duc\u0103 pasiunile mai departe. \u0218tiu cum este s\u0103 fii nesigur pe crea\u021bia ta \u0219i c\u00e2t conteaz\u0103 un feedback constructiv din partea unei persoane avizate. Abia a\u0219tept s\u0103 d\u0103m start concursului!\u201d (Iris Gherase, Asistent-Coordonator LinguART 2022)<\/p>\n<p>Pentru detalii suplimentare despre proiect, pute\u021bi contacta Echipa Coordonatoare din acest an prin e-mail (<a href=\"mailto:linguart@asls.ro\">linguart@asls.ro<\/a>), de asemenea, pute\u021bi s\u0103 urm\u0103ri\u021bi \u0219i pagina evenimentului: <a href=\"https:\/\/fb.me\/e\/1zcQgE576\">https:\/\/fb.me\/e\/1zcQgE576<\/a>.<\/p>\n","protected":false},"excerpt":{"rendered":"<p>Asocia\u021bia Studen\u021bilor din Facultatea de Limbi \u0219i Literaturi Str\u0103ine desf\u0103\u0219oar\u0103, \u00een perioada 19 martie-30 aprilie, o nou\u0103 edi\u021bie a proiectului LinguART. Proiectul are ca scop realizarea de lucr\u0103ri artistice, cu o tematic\u0103 prestabilit\u0103, pentru ca fiecare student s\u0103 \u00ee\u0219i dezvolte imagina\u021bia \u00eentr-un mod constructiv \u0219i pentru a-\u0219i manifesta talentul artistic. Evenimentul este deschis tuturor studen\u021bilor [&hellip;]<\/p>\n","protected":false},"author":14,"featured_media":0,"comment_status":"open","ping_status":"closed","sticky":false,"template":"","format":"standard","meta":{"jetpack_post_was_ever_published":false,"_jetpack_newsletter_access":"","_jetpack_dont_email_post_to_subs":false,"_jetpack_newsletter_tier_id":0,"_jetpack_memberships_contains_paywalled_content":false,"_jetpack_memberships_contains_paid_content":false,"footnotes":"","jetpack_publicize_message":"","jetpack_publicize_feature_enabled":true,"jetpack_social_post_already_shared":true,"jetpack_social_options":{"image_generator_settings":{"template":"highway","default_image_id":0,"font":"","enabled":false},"version":2}},"categories":[192],"tags":[2257,2255,2256],"class_list":["post-40669","post","type-post","status-publish","format-standard","hentry","category-comunicate-de-presa","tag-facultatea-de-limbi-si-literaturi-straine","tag-linguart","tag-lucrari-artistice"],"jetpack_publicize_connections":[],"jetpack_featured_media_url":"","jetpack_sharing_enabled":true,"jetpack_shortlink":"https:\/\/wp.me\/p1H7ta-azX","_links":{"self":[{"href":"https:\/\/www.zelist.ro\/blog\/wp-json\/wp\/v2\/posts\/40669","targetHints":{"allow":["GET"]}}],"collection":[{"href":"https:\/\/www.zelist.ro\/blog\/wp-json\/wp\/v2\/posts"}],"about":[{"href":"https:\/\/www.zelist.ro\/blog\/wp-json\/wp\/v2\/types\/post"}],"author":[{"embeddable":true,"href":"https:\/\/www.zelist.ro\/blog\/wp-json\/wp\/v2\/users\/14"}],"replies":[{"embeddable":true,"href":"https:\/\/www.zelist.ro\/blog\/wp-json\/wp\/v2\/comments?post=40669"}],"version-history":[{"count":3,"href":"https:\/\/www.zelist.ro\/blog\/wp-json\/wp\/v2\/posts\/40669\/revisions"}],"predecessor-version":[{"id":40793,"href":"https:\/\/www.zelist.ro\/blog\/wp-json\/wp\/v2\/posts\/40669\/revisions\/40793"}],"wp:attachment":[{"href":"https:\/\/www.zelist.ro\/blog\/wp-json\/wp\/v2\/media?parent=40669"}],"wp:term":[{"taxonomy":"category","embeddable":true,"href":"https:\/\/www.zelist.ro\/blog\/wp-json\/wp\/v2\/categories?post=40669"},{"taxonomy":"post_tag","embeddable":true,"href":"https:\/\/www.zelist.ro\/blog\/wp-json\/wp\/v2\/tags?post=40669"}],"curies":[{"name":"wp","href":"https:\/\/api.w.org\/{rel}","templated":true}]}}