
{"id":39815,"date":"2021-09-28T14:08:23","date_gmt":"2021-09-28T12:08:23","guid":{"rendered":"https:\/\/www.zelist.ro\/blog\/?p=39815"},"modified":"2021-09-28T15:56:58","modified_gmt":"2021-09-28T13:56:58","slug":"mesajele-anti-lgbt-in-social-media-din-romania","status":"publish","type":"post","link":"https:\/\/www.zelist.ro\/blog\/mesajele-anti-lgbt-in-social-media-din-romania\/","title":{"rendered":"Mesajele anti-LGBT in social media din Romania"},"content":{"rendered":"<p><strong>Comparativ cu anul precedent, numarul mesajelor anti-LGBT a inregistrat o crestere dramatica de 106%<\/strong><\/p>\n<p>Din punctul de vedere al frecventei de aparitie, in ultimul an numarul mesajele anti-LGBT publicate in social media s-a dublat. Daca in anul precedent (sept 2019 &#8211; sept 2020) au fost inregistrate 9.168 mentionari, in perioada sept 2020 &#8211; sept 2021 numarul mesajelor anti-LGBT a ajuns la 18.840, adica a crescut cu 106%.<\/p>\n<p><strong>Romanii reactioneza la evenimentele internationale legate de comunitatea LGBT<\/strong><\/p>\n<p>Graficul evolutiei mentionarilor de-a lungul ultimului an dovedeste ca modul in care romanii nu scriu in mod consecvent mesaje anti-LGBT. Saptamana 21 &#8211; 27 iunie 2021 marcheaza un moment de varf al vizibilitatii acestui tip de mesaje. Atunci s-au inregistrat 1.838 de mentionari, adica de 4 ori mai mult decat se publica in medie in acea perioada.<\/p>\n<p>&nbsp;<\/p>\n<p><img loading=\"lazy\" decoding=\"async\" class=\"aligncenter size-full wp-image-39820\" src=\"https:\/\/www.zelist.ro\/blog\/wp-content\/uploads\/2021\/09\/evolutia_mentionarilor_anti_LGBT_ultimul_an.jpg\" alt=\"\" width=\"650\" height=\"283\" srcset=\"https:\/\/www.zelist.ro\/blog\/wp-content\/uploads\/2021\/09\/evolutia_mentionarilor_anti_LGBT_ultimul_an.jpg 650w, https:\/\/www.zelist.ro\/blog\/wp-content\/uploads\/2021\/09\/evolutia_mentionarilor_anti_LGBT_ultimul_an-300x131.jpg 300w\" sizes=\"auto, (max-width: 650px) 100vw, 650px\" \/><\/p>\n<p>Printre sitrile publicate in aceasta saptamana se numara si:<\/p>\n<ul>\n<li><a href=\"https:\/\/www.digi24.ro\/stiri\/externe\/ue\/ungaria-reactie-furioasa-la-intentia-de-a-colora-stadionul-din-munchen-in-culorile-curcubeului-istoria-arata-ca-este-un-lucru-gresit-1570881\">Ungaria<\/a>, reac\u021bie furioas\u0103 la inten\u021bia de a colora stadionul din Munchen \u00een culorile curcubeului: Istoria arat\u0103 c\u0103 este un lucru gre\u0219it<\/li>\n<li><a href=\"https:\/\/www.telekomsport.ro\/uefa-a-deschis-o-ancheta-pentru-rasism-si-homofobie-dupa-primele-doua-meciuri-disputate-de-ungaria-la-euro-2020-20254788?fbclid=IwAR2T5i2xRlA7V-ygZXnkEixEtRnbQERa1LmANGKW2NeIsUumkQQkdytwtZA\">UEFA<\/a> a deschis o anchet\u0103 pentru rasism \u015fi homofobie dup\u0103 primele dou\u0103 meciuri disputate de Ungaria la EURO 2020<\/li>\n<li>Un <a href=\"https:\/\/adevarul.ro\/news\/sport\/un-tanar-drapel-culorile-lgbt-intrat-teren-intonarea-imnurilor-meciul-germania-ungaria--video-1_60d393c25163ec427163dffa\/index.html\">t\u00e2n\u0103r<\/a> cu un drapel \u00een culorile LGBT a intrat pe teren la intonarea imnurilor, \u00eenainte de meciul Germania &#8211; Ungaria<\/li>\n<li>Corriere della Sera: <a href=\"https:\/\/adevarul.ro\/international\/europa\/corriere-della-sera-vaticanulse-amesteca-afacerile-interne-italiei-opunandu-se-unui-proiect-legeimpotriva-homofobiei-1_60d200795163ec42715985de\/index.html\">Vaticanul<\/a> se amestec\u0103 \u00een afacerile interne ale Italiei opun\u00e2ndu-se unui proiect de lege \u00eempotriva homofobiei<\/li>\n<li><a href=\"https:\/\/adevarul.ro\/international\/europa\/premierul-italiei-raspunde-vaticanului-criticile-aduse-proiect-lege-homofobiei-italia-e-stat-laic-nu-confesional-1_60d3b0395163ec427164c034\/index.html\">Premierul Italiei<\/a> r\u0103spunde Vaticanului, dup\u0103 criticile aduse unui proiect de lege \u00eempotriva homofobiei: \u201eItalia e stat laic, nu confesional<\/li>\n<li><a href=\"https:\/\/www.mediafax.ro\/externe\/ursula-von-der-leyen-critica-legea-anti-lgbt-din-ungaria-20152982\">Ursula von der Leyen<\/a> critica legea anti-LGBT din Ungaria<\/li>\n<li><a href=\"https:\/\/adevarul.ro\/international\/europa\/ministrul-educatiei-polonia-denunta-marsul-lgbt--s-a-intamplat-nu-nimic-de-a-egalitatea-par-normali-oamenit-1_60d3dab45163ec427165d373\/index.html\">Ministrul Educa\u0163iei din Polonia<\/a> denun\u0163\u0103 mar\u015ful LGBT: \u201e Ce s-a \u00eent\u00e2mplat acolo nu are nimic de-a face cu egalitatea. Vi se par normali ace\u015fti oameni?\u201d<\/li>\n<li>Un <a href=\"https:\/\/adevarul.ro\/international\/europa\/un-posibil-summit-putin-legea-anti-lgbtq-ungaria-agenda-liderilor-europeni--reunesc-bruxelles-1_60d437ef5163ec4271681d03\/index.html\">posibil summit<\/a> cu Putin \u015fi legea anti-LGBTQ din Ungaria, pe agenda liderilor europeni ce se reunesc la Bruxelles<\/li>\n<li>Angela Merkel, Emmanuel Macron \u0219i al\u021bi 15 lideri UE promit s\u0103 lupte \u00eempotriva <a href=\"https:\/\/www.caleaeuropeana.ro\/angela-merkel-emmanuel-macron-si-alti-15-lideri-ue-promit-sa-lupte-impotriva-discriminarii-comunitatii-lgbt-pentru-ca-generatiile-viitoare-sa-creasca-intr-o-europa-a-respectului\/?fbclid=IwAR3pVIpXyWyYyR2E4gEoOWeFiA0pwRPRm000S6P2i4EqCWvJWBHiN9zyeXw\">discrimin\u0103rii<\/a> comunit\u0103\u021bii LGBT, pentru ca \u201dgenera\u021biile viitoare s\u0103 creasc\u0103 \u00eentr-o Europ\u0103 a respectului\u201d<\/li>\n<\/ul>\n<p>Din date se observa ca o parte din aceste mentionari reprezinta reactii impotriva miscarii anti-LGBT, dar raportul dintre mesajele de sustinere si cele de respingere a miscarii anti-LGBT se poate stabili cu exactitate doar prin analiza calitativa, ceea ce deocamdata nu resprezinta scopul acestei analize. Ipoteza noastra este ca mesajele de sustinere a miscarii anti-LGBT prevaleaza mesajele de respingere.<\/p>\n<p><strong>Unde se publica cel mai mult trimiteri catre mesajele anti-LGBT?<\/strong><\/p>\n<p>Despre miscarea anti-LGBT se scrie cel mai consistent in presa (37%), dar si pe Facebook (32%).<\/p>\n<p><img loading=\"lazy\" decoding=\"async\" class=\"aligncenter size-full wp-image-39840\" src=\"https:\/\/www.zelist.ro\/blog\/wp-content\/uploads\/2021\/09\/distributia_mentionairlor_anti_LGBT_ultimul_an.jpg\" alt=\"\" width=\"650\" height=\"433\" srcset=\"https:\/\/www.zelist.ro\/blog\/wp-content\/uploads\/2021\/09\/distributia_mentionairlor_anti_LGBT_ultimul_an.jpg 650w, https:\/\/www.zelist.ro\/blog\/wp-content\/uploads\/2021\/09\/distributia_mentionairlor_anti_LGBT_ultimul_an-300x200.jpg 300w\" sizes=\"auto, (max-width: 650px) 100vw, 650px\" \/><\/p>\n<p>Detaliem in cele ce urmeaza cate aparitii se inregistreaza in fiecare luna.<br \/>\nIn medie, in fiecare luna, se publica:<\/p>\n<ul>\n<li>in presa, aproximativ 500 de trimiteri catre miscarea anti-LGBT<\/li>\n<li>pe Facebook &#8211; 250 mentionari<\/li>\n<li>in agregatoare &#8211; 180 mentionari<\/li>\n<li>pe forumuri -78 mentionari<\/li>\n<li>pe bloguri in jur de 57 de mentionari<\/li>\n<li>pe Twitter &#8211; 11 mentionari<\/li>\n<li>pe Instagram &#8211; 10 mentionari<\/li>\n<\/ul>\n<p><img loading=\"lazy\" decoding=\"async\" class=\"aligncenter size-full wp-image-39835\" src=\"https:\/\/www.zelist.ro\/blog\/wp-content\/uploads\/2021\/09\/Aparitii_lunare_anti_LGBT_ultimul_an.jpeg\" alt=\"\" width=\"537\" height=\"291\" srcset=\"https:\/\/www.zelist.ro\/blog\/wp-content\/uploads\/2021\/09\/Aparitii_lunare_anti_LGBT_ultimul_an.jpeg 537w, https:\/\/www.zelist.ro\/blog\/wp-content\/uploads\/2021\/09\/Aparitii_lunare_anti_LGBT_ultimul_an-300x163.jpeg 300w\" sizes=\"auto, (max-width: 537px) 100vw, 537px\" \/><\/p>\n<p><strong>Cu cat creste viewership-ul atunci cand pe Facebook apare o noua mentionare anti-LGBT?\u00a0<\/strong><\/p>\n<p>In ceea ce priveste efectul pe care o noua aparitie pe Facebook il are asupra viewershipului, se obseva ca orice noua mentionare atrage dupa sine cresterea viewershipului cu 963 de afisari.<\/p>\n<p><img loading=\"lazy\" decoding=\"async\" class=\"aligncenter size-full wp-image-39857\" src=\"https:\/\/www.zelist.ro\/blog\/wp-content\/uploads\/2021\/09\/Impact_Mentionari_Facebook-1.jpeg\" alt=\"\" width=\"650\" height=\"352\" srcset=\"https:\/\/www.zelist.ro\/blog\/wp-content\/uploads\/2021\/09\/Impact_Mentionari_Facebook-1.jpeg 650w, https:\/\/www.zelist.ro\/blog\/wp-content\/uploads\/2021\/09\/Impact_Mentionari_Facebook-1-300x162.jpeg 300w\" sizes=\"auto, (max-width: 650px) 100vw, 650px\" \/><\/p>\n<p><strong>Care este dinamica aparitiilor acestor mesaje in canalele social media?<\/strong><\/p>\n<p>Analizand modul de aparitie a mentionatilor anti-LGBT se observa ca presa, agregatoarele si forumurile reprezinta un grup cu cresteri simultane. Cand mentiunile anti-LGBT cresc in presa, atunci numarul acestora creste si in agregatoare si in forumuri.<\/p>\n<p>Un alt grup de cresteri simultane este format din bloguri, Facebook si Instagram.<\/p>\n<p>&nbsp;<\/p>\n<p><img loading=\"lazy\" decoding=\"async\" class=\"aligncenter size-full wp-image-39846\" src=\"https:\/\/www.zelist.ro\/blog\/wp-content\/uploads\/2021\/09\/dinamica_sm_anti_LGBT.jpeg\" alt=\"\" width=\"537\" height=\"291\" srcset=\"https:\/\/www.zelist.ro\/blog\/wp-content\/uploads\/2021\/09\/dinamica_sm_anti_LGBT.jpeg 537w, https:\/\/www.zelist.ro\/blog\/wp-content\/uploads\/2021\/09\/dinamica_sm_anti_LGBT-300x163.jpeg 300w\" sizes=\"auto, (max-width: 537px) 100vw, 537px\" \/><\/p>\n<p>In concluzie, interesul fata de mesajele anti-LGBT s-a dublat fata de anul precedent. Desi atentia social media pentru acest topic nu este una constanta de-a lungul timpului, totusi s-a observat ca atunci cand se petrece un eveniment legat de drepturile LGBT, reactia romanilor este foarte substantiala (crestere de 4 ori).<\/p>\n<p>&nbsp;<\/p>\n","protected":false},"excerpt":{"rendered":"<p>Comparativ cu anul precedent, numarul mesajelor anti-LGBT a inregistrat o crestere dramatica de 106% Din punctul de vedere al frecventei de aparitie, in ultimul an numarul mesajele anti-LGBT publicate in social media s-a dublat. Daca in anul precedent (sept 2019 &#8211; sept 2020) au fost inregistrate 9.168 mentionari, in perioada sept 2020 &#8211; sept 2021 [&hellip;]<\/p>\n","protected":false},"author":7,"featured_media":0,"comment_status":"open","ping_status":"closed","sticky":false,"template":"","format":"standard","meta":{"jetpack_post_was_ever_published":false,"_jetpack_newsletter_access":"","_jetpack_dont_email_post_to_subs":false,"_jetpack_newsletter_tier_id":0,"_jetpack_memberships_contains_paywalled_content":false,"_jetpack_memberships_contains_paid_content":false,"footnotes":"","jetpack_publicize_message":"","jetpack_publicize_feature_enabled":true,"jetpack_social_post_already_shared":true,"jetpack_social_options":{"image_generator_settings":{"template":"highway","default_image_id":0,"font":"","enabled":false},"version":2}},"categories":[8,742],"tags":[1731,2156,2157,2158,2155,1406,15],"class_list":["post-39815","post","type-post","status-publish","format-standard","hentry","category-social-media","category-zelist-research","tag-analiza-de-monitorizare","tag-anti-lgbt","tag-homofobie","tag-homosexualitate","tag-lgbt","tag-monitorizare-media","tag-monitorizare-social-media"],"jetpack_publicize_connections":[],"jetpack_featured_media_url":"","jetpack_sharing_enabled":true,"jetpack_shortlink":"https:\/\/wp.me\/p1H7ta-amb","_links":{"self":[{"href":"https:\/\/www.zelist.ro\/blog\/wp-json\/wp\/v2\/posts\/39815","targetHints":{"allow":["GET"]}}],"collection":[{"href":"https:\/\/www.zelist.ro\/blog\/wp-json\/wp\/v2\/posts"}],"about":[{"href":"https:\/\/www.zelist.ro\/blog\/wp-json\/wp\/v2\/types\/post"}],"author":[{"embeddable":true,"href":"https:\/\/www.zelist.ro\/blog\/wp-json\/wp\/v2\/users\/7"}],"replies":[{"embeddable":true,"href":"https:\/\/www.zelist.ro\/blog\/wp-json\/wp\/v2\/comments?post=39815"}],"version-history":[{"count":36,"href":"https:\/\/www.zelist.ro\/blog\/wp-json\/wp\/v2\/posts\/39815\/revisions"}],"predecessor-version":[{"id":39858,"href":"https:\/\/www.zelist.ro\/blog\/wp-json\/wp\/v2\/posts\/39815\/revisions\/39858"}],"wp:attachment":[{"href":"https:\/\/www.zelist.ro\/blog\/wp-json\/wp\/v2\/media?parent=39815"}],"wp:term":[{"taxonomy":"category","embeddable":true,"href":"https:\/\/www.zelist.ro\/blog\/wp-json\/wp\/v2\/categories?post=39815"},{"taxonomy":"post_tag","embeddable":true,"href":"https:\/\/www.zelist.ro\/blog\/wp-json\/wp\/v2\/tags?post=39815"}],"curies":[{"name":"wp","href":"https:\/\/api.w.org\/{rel}","templated":true}]}}