
{"id":31613,"date":"2020-11-16T11:27:45","date_gmt":"2020-11-16T09:27:45","guid":{"rendered":"https:\/\/www.zelist.ro\/blog\/?p=31613"},"modified":"2020-11-16T11:27:45","modified_gmt":"2020-11-16T09:27:45","slug":"cum-s-a-reflectat-franta-in-digitalul-din-romania-in-ultima-perioada","status":"publish","type":"post","link":"https:\/\/www.zelist.ro\/blog\/cum-s-a-reflectat-franta-in-digitalul-din-romania-in-ultima-perioada\/","title":{"rendered":"Cum s-a reflectat Franta in digitalul din Romania in ultima perioada"},"content":{"rendered":"<p>Articol realziat de <a href=\"https:\/\/www.zelist.ro\/monitor\/\">Zelist Monitor<\/a> pentru <a href=\"https:\/\/generatia30.rfi.ro\/analiza\/?fbclid=IwAR05oekRwjZzOwfElVTnaJn1WJ4leLpJz-ylvnBUtWOaIag-NquXY6hv1uI\">RFI Romania<\/a>, cu ocazia campaniei aniversare Generatia 30.<\/p>\n<p>Interesul social media pentru Franta s-a manifestat in ultimul an (20 oct 2019 \u2013 19 oct 2020) printr-un numar de <b>603.794<\/b>\u00a0mentionari, cu 6 % mai mult fata de anul precedent, cand s-au inregistrat 568.306 aparitii.<\/p>\n<p><img loading=\"lazy\" decoding=\"async\" class=\"aligncenter size-full wp-image-31617\" src=\"https:\/\/www.zelist.ro\/blog\/wp-content\/uploads\/2020\/11\/Sumar_Zelist_Monitor_Franta_20oct2019-19oct2020.jpg\" alt=\"\" width=\"650\" height=\"463\" srcset=\"https:\/\/www.zelist.ro\/blog\/wp-content\/uploads\/2020\/11\/Sumar_Zelist_Monitor_Franta_20oct2019-19oct2020.jpg 650w, https:\/\/www.zelist.ro\/blog\/wp-content\/uploads\/2020\/11\/Sumar_Zelist_Monitor_Franta_20oct2019-19oct2020-300x214.jpg 300w\" sizes=\"auto, (max-width: 650px) 100vw, 650px\" \/><\/p>\n<p><b>Despre Franta, cele mai multe mentionari au fost publicate in presa si in agregatoare.\u00a0<\/b><\/p>\n<p>Asa cum ilustreaza graficul alaturat, cele mai multe dintre mentionarile Frantei, cumuland 70% din totalul mentionarilor s-au publicat in presa online si in agregatoare. Mentionarile din Facebook (pagini publice) acumuleaza 20.6% mentionari, iar blogurile 3%.<\/p>\n<p><img loading=\"lazy\" decoding=\"async\" class=\"aligncenter size-full wp-image-31619\" src=\"https:\/\/www.zelist.ro\/blog\/wp-content\/uploads\/2020\/11\/Distributia_mentionarilor_pe_canale_Franta_ultimul_an.jpg\" alt=\"\" width=\"650\" height=\"433\" srcset=\"https:\/\/www.zelist.ro\/blog\/wp-content\/uploads\/2020\/11\/Distributia_mentionarilor_pe_canale_Franta_ultimul_an.jpg 650w, https:\/\/www.zelist.ro\/blog\/wp-content\/uploads\/2020\/11\/Distributia_mentionarilor_pe_canale_Franta_ultimul_an-300x200.jpg 300w\" sizes=\"auto, (max-width: 650px) 100vw, 650px\" \/><\/p>\n<p><strong>Mesajele despre Franta au fost receptionate cel mai mult de pe TV, din presa si de la radio<\/strong><\/p>\n<p>Din punctul de vedere al afisarilor, al persoanelor expuse mesajelor despre Franta, TV-ul reprezinta canalul cu cel mai mare impact, acumuland 31% din totalul afisarilor, urmat de presa cu 30% si radio cu 29%.<\/p>\n<p>Desi pe TV si pe radio numarul mentionarilor despre Franta a fost mult mai mic decat in presa, totusi expunerea din aceste canale a fost relativ egala cu expunerea din presa.<\/p>\n<p><img loading=\"lazy\" decoding=\"async\" class=\"aligncenter size-full wp-image-31620\" src=\"https:\/\/www.zelist.ro\/blog\/wp-content\/uploads\/2020\/11\/Distributia_afisarilor_Franta_ultimul_an.jpg\" alt=\"\" width=\"650\" height=\"433\" srcset=\"https:\/\/www.zelist.ro\/blog\/wp-content\/uploads\/2020\/11\/Distributia_afisarilor_Franta_ultimul_an.jpg 650w, https:\/\/www.zelist.ro\/blog\/wp-content\/uploads\/2020\/11\/Distributia_afisarilor_Franta_ultimul_an-300x200.jpg 300w\" sizes=\"auto, (max-width: 650px) 100vw, 650px\" \/><\/p>\n<p><strong>Evolutia mentionarilor despre Franta, din ultimul an<\/strong><\/p>\n<p>Graficul evolutiei mentionarilor arata ca in perioada 16 \u2013 29 martie 2020, s-au scris cele mai multe mentionari despre Franta din tot anul. Aceasta faza de crestere, brusca si foarte puternica s-a produs in urma publicarii stirilor despre bilantul deceselor provocate de coronavirus si despre faptul ca Franta a fost puternic afectata.<\/p>\n<p>Un alt \u201cvarf\u201d al vizibilitatii s-a inregistrat in perioada 27 aprilie \u2013 03 mai 2020, cand a aparut informatia ca Franta nu mai impune perioada de carantina niciunei persoane, indiferent de nationalitate, provenind din UE, zona Schengen sau regatul Unit.<\/p>\n<p><img loading=\"lazy\" decoding=\"async\" class=\"aligncenter size-full wp-image-31622\" src=\"https:\/\/www.zelist.ro\/blog\/wp-content\/uploads\/2020\/11\/evolutia_mentionarilor_franta_ultimul_an.jpg\" alt=\"\" width=\"650\" height=\"284\" srcset=\"https:\/\/www.zelist.ro\/blog\/wp-content\/uploads\/2020\/11\/evolutia_mentionarilor_franta_ultimul_an.jpg 650w, https:\/\/www.zelist.ro\/blog\/wp-content\/uploads\/2020\/11\/evolutia_mentionarilor_franta_ultimul_an-300x131.jpg 300w\" sizes=\"auto, (max-width: 650px) 100vw, 650px\" \/><\/p>\n<p>Din datele Zelist Monitor se observa ca subiectele legate de Franta au fost mai populare pe conturile social media din Bucuresti (36%) si Transilvania (16%).<\/p>\n<p><img loading=\"lazy\" decoding=\"async\" class=\"aligncenter size-full wp-image-31624\" src=\"https:\/\/www.zelist.ro\/blog\/wp-content\/uploads\/2020\/11\/distributia-geografica_franta_ultinul_an.jpg\" alt=\"\" width=\"458\" height=\"476\" srcset=\"https:\/\/www.zelist.ro\/blog\/wp-content\/uploads\/2020\/11\/distributia-geografica_franta_ultinul_an.jpg 458w, https:\/\/www.zelist.ro\/blog\/wp-content\/uploads\/2020\/11\/distributia-geografica_franta_ultinul_an-289x300.jpg 289w\" sizes=\"auto, (max-width: 458px) 100vw, 458px\" \/><\/p>\n<p><b>Top subiecte despre Franta din ultima luna (selectie):<\/b><\/p>\n<ul>\n<li>Emmanuel Macron a ordonat ac\u0163iuni \u201dconcrete\u201d \u00eempotriva propagandei islamiste din online \u015fi pentru siguran\u0163a \u015fcolilor\u00a0<a href=\"https:\/\/www.digi24.ro\/stiri\/externe\/ue\/emmanuel-macron-a-ordonat-actiuni-concrete-impotriva-propagandei-islamiste-din-online-si-pentru-siguranta-scolilor-1386833\" target=\"_blank\" rel=\"noopener noreferrer\">https:\/\/www.digi24.ro\/stiri\/externe\/ue\/emmanuel-macron-a-ordonat-actiuni-concrete-impotriva-propagandei-islamiste-din-online-si-pentru-siguranta-scolilor-1386833<\/a><\/li>\n<li>Fran\u021ba: T\u0103ticii vor fi obliga\u021bi s\u0103 \u00ee\u0219i ia concediu de paternitate\u00a0<a href=\"https:\/\/www.rfi.ro\/special-paris-125325-franta-taticii-vor-fi-obligati-sa-isi-ia-concediu-de-paternitate\" target=\"_blank\" rel=\"noopener noreferrer\">https:\/\/www.rfi.ro\/special-paris-125325-franta-taticii-vor-fi-obligati-sa-isi-ia-concediu-de-paternitate<\/a><\/li>\n<li>Fran\u0163a, c\u0103r\u0163ile toamnei: 500 de noi titluri a\u015fteptate \u00een libr\u0103rii\u00a0<a href=\"https:\/\/www.rfi.ro\/special-paris-124146-franta-cartile-toamnei-500-de-noi-titluri-asteptate-librarii\" target=\"_blank\" rel=\"noopener noreferrer\">https:\/\/www.rfi.ro\/special-paris-124146-franta-cartile-toamnei-500-de-noi-titluri-asteptate-librarii<\/a><\/li>\n<li>Descoperire remarcabil\u0103 a cercet\u0103torilor francezi: Test respirator cu rezultat imediat\u00a0<a href=\"https:\/\/www.rfi.ro\/stiinta-123700-descoperire-remarcabila-cercetatori-francezi-test-respirator-rezultat-imediat\" target=\"_blank\" rel=\"noopener noreferrer\">https:\/\/www.rfi.ro\/stiinta-123700-descoperire-remarcabila-cercetatori-francezi-test-respirator-rezultat-imediat<\/a><\/li>\n<li>Povestea unui rom\u00e2n din Fran\u021ba: ce a f\u0103cut \u0219coala c\u00e2nd fiica lui a fost discriminat\u0103 de o coleg\u0103\u00a0<a href=\"https:\/\/www.libertatea.ro\/stiri\/povestea-unui-roman-din-franta-ce-a-facut-scoala-cand-fiica-lui-a-fost-discriminata-de-o-colega-3173579\" target=\"_blank\" rel=\"noopener noreferrer\">https:\/\/www.libertatea.ro\/stiri\/povestea-unui-roman-din-franta-ce-a-facut-scoala-cand-fiica-lui-a-fost-discriminata-de-o-colega-3173579<\/a><\/li>\n<li>Ora\u0219ul Grenoble din Fran\u021ba este declarat\u0103 Capitala Verde a Europei pentru anul 2022\u00a0<a href=\"https:\/\/urbanizehub.ro\/capitala-verde-a-europei-2\/\" target=\"_blank\" rel=\"noopener noreferrer\">https:\/\/urbanizehub.ro\/capitala-verde-a-europei-2\/<\/a><\/li>\n<li>Marele pelerinaj de la Lourdes, \u00een Fran\u021ba, a fost anulat (sau mai degrab\u0103, cum a anun\u021bat Vaticanul, s-a \u021binut virtual, fiind primul \u201epelerinaj online\u201d din istorie)\u00a0<a href=\"https:\/\/moldova.europalibera.org\/a\/s%C4%83rb%C4%83torile-pe-timp-de-pandemie\/30896972.html\" target=\"_blank\" rel=\"noopener noreferrer\">https:\/\/moldova.europalibera.org\/a\/s%C4%83rb%C4%83torile-pe-timp-de-pandemie\/30896972.html<\/a><\/li>\n<li>Studen\u0163ii francofoni de la UMF Ia\u015fi au acces la aceea\u015fi baz\u0103 de date precum cei care studiaz\u0103 \u00een Fran\u0163a\u00a0<a href=\"https:\/\/www.ziaruldeiasi.ro\/stiri\/studentii-francofoni-de-la-umf-iasi-au-acces-la-aceeasi-baza-de-date-precum-cei-care-studiaza-in-franta--267656.html\" target=\"_blank\" rel=\"noopener noreferrer\">https:\/\/www.ziaruldeiasi.ro\/stiri\/studentii-francofoni-de-la-umf-iasi-au-acces-la-aceeasi-baza-de-date-precum-cei-care-studiaza-in-franta\u2013267656.html<\/a><\/li>\n<li>Caz impresionant \u00een Fran\u021ba: Un rom\u00e2n f\u0103r\u0103 ad\u0103post din Nisa \u0219i-a donat toate economiile sinistra\u0163ilor\u00a0<a href=\"https:\/\/spotmedia.ro\/stiri\/eveniment\/caz-impresionant-in-franta-un-roman-fara-adapost-din-nisa-si-a-donat-toate-economiile-sinistratilor\" target=\"_blank\" rel=\"noopener noreferrer\">https:\/\/spotmedia.ro\/stiri\/eveniment\/caz-impresionant-in-franta-un-roman-fara-adapost-din-nisa-si-a-donat-toate-economiile-sinistratilor<\/a><\/li>\n<li>Ambasada Rom\u00e2niei \u00een Fran\u0163a, gazda unui eveniment sportiv dedicat luptei \u00eempotriva cancerului mamar\u00a0<a href=\"https:\/\/www.agerpres.ro\/comunicate\/2020\/10\/04\/comunicat-de-presa-ambasada-romaniei-in-franta--584742\" target=\"_blank\" rel=\"noopener noreferrer\">https:\/\/www.agerpres.ro\/comunicate\/2020\/10\/04\/comunicat-de-presa-ambasada-romaniei-in-franta\u2013584742<\/a><\/li>\n<li>S\u0103pt\u0103m\u00e2na pasiona\u021bilor de filme fran\u021buze\u0219ti la Cinema ARTA\u00a0<a href=\"https:\/\/www.arq.ro\/saptamana-pasionatilor-de-filme-frantuzesti-la-cinema-arta\/36592\" target=\"_blank\" rel=\"noopener noreferrer\">https:\/\/www.arq.ro\/saptamana-pasionatilor-de-filme-frantuzesti-la-cinema-arta\/36592<\/a><\/li>\n<li>Institutul Francez din Timi\u0219oara invit\u0103 publicul la o proiec\u021bie \u0219i o dezbatere despre mi\u0219carea #metoo, \u00een siajul Festivalului de Film Francez care, \u00een acest an, aduce \u00een prim-plan realizatoare, actri\u021be \u0219i personaje feminine memorabile\u00a0<a href=\"https:\/\/timpolis.ro\/metoo-zguduie-inclusiv-franta-in-proiectie-si-dezbatere-la-timisoara\/\" target=\"_blank\" rel=\"noopener noreferrer\">https:\/\/timpolis.ro\/metoo-zguduie-inclusiv-franta-in-proiectie-si-dezbatere-la-timisoara\/<\/a><\/li>\n<li>Mich\u00e8le Ramis, ambasadoarea Fran\u0163ei: \u00cen criz\u0103, nicio \u00eentreprindere francez\u0103 nu a p\u0103r\u0103sit Rom\u00e2nia. Parteneriatul nostru s-a \u00eent\u0103rit\u00a0<a href=\"https:\/\/adevarul.ro\/news\/eveniment\/michele-ramis-ambasadoarea-frantei-In-criza-nicio-intreprindere-franceza-nu-parasit-romania-parteneriatul-s-a-intarit-1_5f746e9b5163ec4271764e23\/index.html\" target=\"_blank\" rel=\"noopener noreferrer\">https:\/\/adevarul.ro\/news\/eveniment\/michele-ramis-ambasadoarea-frantei-In-criza-nicio-intreprindere-franceza-nu-parasit-romania-parteneriatul-s-a-intarit-1_5f746e9b5163ec4271764e23\/index.html<\/a><\/li>\n<li>Joi \u00eencepe Festivalul Filmului Francez la Arad. Filmul francez la feminin\u00a0<a href=\"https:\/\/www.aradcity.ro\/stire\/38569\/joi-incepe-festivalul-filmului-francez-la-arad-filmul-francez-la-feminin\" target=\"_blank\" rel=\"noopener noreferrer\">https:\/\/www.aradcity.ro\/stire\/38569\/joi-incepe-festivalul-filmului-francez-la-arad-filmul-francez-la-feminin<\/a><\/li>\n<li>Dou\u0103 s\u0103pt\u0103m\u00e2ni dedicate autorulotelor \u00een toat\u0103 Fran\u021ba \u00een perioada 17-31 octombrie\u00a0<a href=\"https:\/\/rvtravel.eu\/stiri\/doua-saptamani-dedicate-autorulotelor-in-toata-franta-in-perioada-17-31-octombrie\/\" target=\"_blank\" rel=\"noopener noreferrer\">https:\/\/rvtravel.eu\/stiri\/doua-saptamani-dedicate-autorulotelor-in-toata-franta-in-perioada-17-31-octombrie\/<\/a><\/li>\n<li>Crestere exporturilor de paste fainoase din Italia in Franta au crescut cu 20% in primele 6 luni ale anului\u00a0<a href=\"https:\/\/www.gazetaromaneasca.com\/integrare\/italia\/pandemia-a-crescut-enorm-productia-de-paste-din-italia-romanii-au-cumparat-cu-40-mai-mult\/\" target=\"_blank\" rel=\"noopener noreferrer\">https:\/\/www.gazetaromaneasca.com\/integrare\/italia\/pandemia-a-crescut-enorm-productia-de-paste-din-italia-romanii-au-cumparat-cu-40-mai-mult\/<\/a><\/li>\n<\/ul>\n<div><\/div>\n<p><strong>Vizibilitatea in social media romaneasca a tarilor din Uniunea Europeana, in ultimul an<\/strong><\/p>\n<p>In ultinul an, dintre tarile Uniunii Europene, cel mai mult s-a vorbit despre Romania (6.773.213 menionari), Italia (931.104 mentionri), Germania (786.631 mentionari), Franta (603.794 mentionari), Spania (454.487 mentionari).<\/p>\n<p>Din totalul mentionarilor despre tarile din Uniunea Europeana, mai mult de jumatate (55%) au fost despre Romania, 8% despre Italia, 6% despre Germania si 5% despre Franta.<\/p>\n<table width=\"408\">\n<tbody>\n<tr>\n<td width=\"70\"><strong>Nr<\/strong><\/td>\n<td width=\"100\"><strong>Tari din Uniunea Europeana<\/strong><\/td>\n<td width=\"157\"><strong>Aparitii<\/strong><\/p>\n<p><strong>in perioada 20 oct 2019 \u2013 19.oct 2020<\/strong><\/td>\n<td width=\"81\"><strong>Share of voice<\/strong><\/td>\n<\/tr>\n<tr>\n<td width=\"70\">1<\/td>\n<td width=\"100\">Romania<\/td>\n<td width=\"157\">6773213<\/td>\n<td width=\"81\">55.3<\/td>\n<\/tr>\n<tr>\n<td width=\"70\">2<\/td>\n<td width=\"100\">Italia<\/td>\n<td width=\"157\">931104<\/td>\n<td width=\"81\">7.6<\/td>\n<\/tr>\n<tr>\n<td width=\"70\">3<\/td>\n<td width=\"100\">Germania<\/td>\n<td width=\"157\">786631<\/td>\n<td width=\"81\">6.4<\/td>\n<\/tr>\n<tr>\n<td width=\"70\">4<\/td>\n<td width=\"100\">Franta<\/td>\n<td width=\"157\">603794<\/td>\n<td width=\"81\">4.9<\/td>\n<\/tr>\n<tr>\n<td width=\"70\">5<\/td>\n<td width=\"100\">Spania<\/td>\n<td width=\"157\">454487<\/td>\n<td width=\"81\">3.7<\/td>\n<\/tr>\n<tr>\n<td width=\"70\">6<\/td>\n<td width=\"100\">Ungaria<\/td>\n<td width=\"157\">320353<\/td>\n<td width=\"81\">2.6<\/td>\n<\/tr>\n<tr>\n<td width=\"70\">7<\/td>\n<td width=\"100\">Austria<\/td>\n<td width=\"157\">274269<\/td>\n<td width=\"81\">2.2<\/td>\n<\/tr>\n<tr>\n<td width=\"70\">8<\/td>\n<td width=\"100\">Grecia<\/td>\n<td width=\"157\">260906<\/td>\n<td width=\"81\">2.1<\/td>\n<\/tr>\n<tr>\n<td width=\"70\">9<\/td>\n<td width=\"100\">Bulgaria<\/td>\n<td width=\"157\">254759<\/td>\n<td width=\"81\">2.1<\/td>\n<\/tr>\n<tr>\n<td width=\"70\">10<\/td>\n<td width=\"100\">Belgia<\/td>\n<td width=\"157\">198040<\/td>\n<td width=\"81\">1.6<\/td>\n<\/tr>\n<tr>\n<td width=\"70\">11<\/td>\n<td width=\"100\">Polonia<\/td>\n<td width=\"157\">189085<\/td>\n<td width=\"81\">1.5<\/td>\n<\/tr>\n<tr>\n<td width=\"70\">12<\/td>\n<td width=\"100\">Irlanda<\/td>\n<td width=\"157\">155550<\/td>\n<td width=\"81\">1.3<\/td>\n<\/tr>\n<tr>\n<td width=\"70\">13<\/td>\n<td width=\"100\">Suedia<\/td>\n<td width=\"157\">155008<\/td>\n<td width=\"81\">1.3<\/td>\n<\/tr>\n<tr>\n<td width=\"70\">14<\/td>\n<td width=\"100\">Cehia<\/td>\n<td width=\"157\">98916<\/td>\n<td width=\"81\">0.8<\/td>\n<\/tr>\n<tr>\n<td width=\"70\">15<\/td>\n<td width=\"100\">Luxemburg<\/td>\n<td width=\"157\">93209<\/td>\n<td width=\"81\">0.8<\/td>\n<\/tr>\n<tr>\n<td width=\"70\">16<\/td>\n<td width=\"100\">Malta<\/td>\n<td width=\"157\">88915<\/td>\n<td width=\"81\">0.7<\/td>\n<\/tr>\n<tr>\n<td width=\"70\">17<\/td>\n<td width=\"100\">Danemarca<\/td>\n<td width=\"157\">83900<\/td>\n<td width=\"81\">0.7<\/td>\n<\/tr>\n<tr>\n<td width=\"70\">18<\/td>\n<td width=\"100\">Portugalia<\/td>\n<td width=\"157\">81215<\/td>\n<td width=\"81\">0.7<\/td>\n<\/tr>\n<tr>\n<td width=\"70\">19<\/td>\n<td width=\"100\">Croatia<\/td>\n<td width=\"157\">80306<\/td>\n<td width=\"81\">0.7<\/td>\n<\/tr>\n<tr>\n<td width=\"70\">20<\/td>\n<td width=\"100\">Cipru<\/td>\n<td width=\"157\">71404<\/td>\n<td width=\"81\">0.6<\/td>\n<\/tr>\n<tr>\n<td width=\"70\">21<\/td>\n<td width=\"100\">Finlanda<\/td>\n<td width=\"157\">63337<\/td>\n<td width=\"81\">0.5<\/td>\n<\/tr>\n<tr>\n<td width=\"70\">22<\/td>\n<td width=\"100\">Lituania<\/td>\n<td width=\"157\">50441<\/td>\n<td width=\"81\">0.4<\/td>\n<\/tr>\n<tr>\n<td width=\"70\">23<\/td>\n<td width=\"100\">Slovacia<\/td>\n<td width=\"157\">48423<\/td>\n<td width=\"81\">0.4<\/td>\n<\/tr>\n<tr>\n<td width=\"70\">24<\/td>\n<td width=\"100\">Estonia<\/td>\n<td width=\"157\">41196<\/td>\n<td width=\"81\">0.3<\/td>\n<\/tr>\n<tr>\n<td width=\"70\">25<\/td>\n<td width=\"100\">Slovenia<\/td>\n<td width=\"157\">40641<\/td>\n<td width=\"81\">0.3<\/td>\n<\/tr>\n<tr>\n<td width=\"70\">26<\/td>\n<td width=\"100\">Letonia<\/td>\n<td width=\"157\">34073<\/td>\n<td width=\"81\">0.3<\/td>\n<\/tr>\n<tr>\n<td width=\"70\">27<\/td>\n<td width=\"100\">Tarile de Jos<\/td>\n<td width=\"157\">7547<\/td>\n<td width=\"81\">0.1<\/td>\n<\/tr>\n<\/tbody>\n<\/table>\n<p>&nbsp;<\/p>\n<p><strong>Vizibilitatea in social media a principalilor lideri ai Europei si membri ai Consiliului European<\/strong><\/p>\n<p>Interesul social media din Romania, in ultimul an s-a indreptat catre Presedintele Romaniei (1.006.746 mentionari), Angela Merkel (77.589 mentionari) si Emmanuel Macron (71.716 mentionari).<\/p>\n<table width=\"380\">\n<tbody>\n<tr>\n<td width=\"64\"><strong>Nr<\/strong><\/td>\n<td width=\"185\"><strong>Liderii Europei si membri ai Consiliului European<\/strong><\/td>\n<td width=\"131\"><strong>Aparitii in perioada 20 oct 2019 \u2013 19.oct 2020<\/strong><\/td>\n<\/tr>\n<tr>\n<td width=\"64\">1<\/td>\n<td width=\"185\">Klaus Iohannis<\/td>\n<td>1006746<\/td>\n<\/tr>\n<tr>\n<td width=\"64\">2<\/td>\n<td width=\"185\">Angela Merkel<\/td>\n<td>77589<\/td>\n<\/tr>\n<tr>\n<td width=\"64\">3<\/td>\n<td width=\"185\">Emmnuel Macron<\/td>\n<td>71716<\/td>\n<\/tr>\n<tr>\n<td width=\"64\">4<\/td>\n<td width=\"185\">Ursula von der Leyen<\/td>\n<td>42918<\/td>\n<\/tr>\n<tr>\n<td width=\"64\">5<\/td>\n<td width=\"185\">Viktor Orban<\/td>\n<td>34191<\/td>\n<\/tr>\n<tr>\n<td width=\"64\">6<\/td>\n<td width=\"185\">Giuseppe Conte<\/td>\n<td>16481<\/td>\n<\/tr>\n<tr>\n<td width=\"64\">7<\/td>\n<td width=\"185\">Charles Michel<\/td>\n<td>15450<\/td>\n<\/tr>\n<tr>\n<td width=\"64\">8<\/td>\n<td width=\"185\">Pedro Sanchez<\/td>\n<td>11383<\/td>\n<\/tr>\n<tr>\n<td width=\"64\">9<\/td>\n<td width=\"185\">Kyriakos Mitsotakis<\/td>\n<td>7020<\/td>\n<\/tr>\n<tr>\n<td width=\"64\">10<\/td>\n<td width=\"185\">Sebastian Kurz<\/td>\n<td>6274<\/td>\n<\/tr>\n<tr>\n<td width=\"64\">11<\/td>\n<td width=\"185\">Mateusz Morawiecki<\/td>\n<td>4665<\/td>\n<\/tr>\n<tr>\n<td width=\"64\">12<\/td>\n<td width=\"185\">Mark Rutte<\/td>\n<td>4442<\/td>\n<\/tr>\n<tr>\n<td width=\"64\">13<\/td>\n<td width=\"185\">Sanna Marin<\/td>\n<td>2073<\/td>\n<\/tr>\n<tr>\n<td width=\"64\">14<\/td>\n<td width=\"185\">Igor Matovic<\/td>\n<td>1386<\/td>\n<\/tr>\n<tr>\n<td width=\"64\">15<\/td>\n<td width=\"185\">Mette Frederiksen<\/td>\n<td>1383<\/td>\n<\/tr>\n<tr>\n<td width=\"64\">16<\/td>\n<td width=\"185\">Antonio Costa<\/td>\n<td>1351<\/td>\n<\/tr>\n<tr>\n<td width=\"64\">17<\/td>\n<td width=\"185\">Gitanas Nausa<\/td>\n<td>898<\/td>\n<\/tr>\n<tr>\n<td width=\"64\">18<\/td>\n<td width=\"185\">Boyko Borissov<\/td>\n<td>846<\/td>\n<\/tr>\n<tr>\n<td width=\"64\">19<\/td>\n<td width=\"185\">Janez Jansa<\/td>\n<td>803<\/td>\n<\/tr>\n<tr>\n<td width=\"64\">20<\/td>\n<td width=\"185\">Nicos Anastasiades<\/td>\n<td>687<\/td>\n<\/tr>\n<tr>\n<td width=\"64\">21<\/td>\n<td width=\"185\">Robert Abela<\/td>\n<td>528<\/td>\n<\/tr>\n<tr>\n<td width=\"64\">22<\/td>\n<td width=\"185\">Krisjanis Karins<\/td>\n<td>330<\/td>\n<\/tr>\n<tr>\n<td width=\"64\">23<\/td>\n<td width=\"185\">Xavier Bettel<\/td>\n<td>203<\/td>\n<\/tr>\n<\/tbody>\n<\/table>\n<p><strong>\u00a0<\/strong><\/p>\n<p><strong>Vizibilitatea in social media romaneasca a celor mai mari 10 orase din Franta=<\/strong><\/p>\n<p>In ultimul an, despre Paris s-au publicat 254.605 mentionari in social media, de 6 ori mai mult decat s-a scris despre Lyon si de 9 ori mai mult decat despre Nisa.<\/p>\n<table width=\"479\">\n<tbody>\n<tr>\n<td width=\"64\"><strong>Nr<\/strong><\/td>\n<td width=\"141\"><strong>Top Orase din Franta<\/strong><\/td>\n<td width=\"145\"><strong>Aparitii in perioada 20.oct 2019 \u2013 19.oct 2020<\/strong><\/td>\n<td width=\"129\"><strong>Viewership<\/strong><\/td>\n<\/tr>\n<tr>\n<td>1<\/td>\n<td>Paris<\/td>\n<td>254605<\/td>\n<td>864598991<\/td>\n<\/tr>\n<tr>\n<td>2<\/td>\n<td>Lyon<\/td>\n<td>40895<\/td>\n<td>104433133<\/td>\n<\/tr>\n<tr>\n<td>3<\/td>\n<td>Nisa<\/td>\n<td>27050<\/td>\n<td>110861665<\/td>\n<\/tr>\n<tr>\n<td>4<\/td>\n<td>Strasbourg<\/td>\n<td>23378<\/td>\n<td>89118080<\/td>\n<\/tr>\n<tr>\n<td>5<\/td>\n<td>Rennes<\/td>\n<td>15643<\/td>\n<td>13964746<\/td>\n<\/tr>\n<tr>\n<td>6<\/td>\n<td>Toulouse<\/td>\n<td>9708<\/td>\n<td>30194848<\/td>\n<\/tr>\n<tr>\n<td>7<\/td>\n<td>Lille<\/td>\n<td>9544<\/td>\n<td>15675563<\/td>\n<\/tr>\n<tr>\n<td>8<\/td>\n<td>Marsilia<\/td>\n<td>8954<\/td>\n<td>45451546<\/td>\n<\/tr>\n<tr>\n<td>9<\/td>\n<td>Nantes<\/td>\n<td>8312<\/td>\n<td>14699835<\/td>\n<\/tr>\n<tr>\n<td>10<\/td>\n<td>Bordeaux<\/td>\n<td>7264<\/td>\n<td>22595820<\/td>\n<\/tr>\n<\/tbody>\n<\/table>\n<p>&nbsp;<\/p>\n<p><strong>Vizibilitatea in social media a principalilor lideri ai Europei si membri ai Consiliului European<\/strong><\/p>\n<p>Interesul social media din Romania, in ultimul an s-a indreptat catre Presedintele Romaniei (1.006.746 mentionari), Angela Merkel (77.589 mentionari) si Emmanuel Macron (71.716 mentionari).<\/p>\n<table width=\"380\">\n<tbody>\n<tr>\n<td width=\"64\"><strong>Nr<\/strong><\/td>\n<td width=\"185\"><strong>Liderii Europei si membri ai Consiliului European<\/strong><\/td>\n<td width=\"131\"><strong>Aparitii in perioada 20 oct 2019 \u2013 19.oct 2020<\/strong><\/td>\n<\/tr>\n<tr>\n<td width=\"64\">1<\/td>\n<td width=\"185\">Klaus Iohannis<\/td>\n<td>1006746<\/td>\n<\/tr>\n<tr>\n<td width=\"64\">2<\/td>\n<td width=\"185\">Angela Merkel<\/td>\n<td>77589<\/td>\n<\/tr>\n<tr>\n<td width=\"64\">3<\/td>\n<td width=\"185\">Emmnuel Macron<\/td>\n<td>71716<\/td>\n<\/tr>\n<tr>\n<td width=\"64\">4<\/td>\n<td width=\"185\">Ursula von der Leyen<\/td>\n<td>42918<\/td>\n<\/tr>\n<tr>\n<td width=\"64\">5<\/td>\n<td width=\"185\">Viktor Orban<\/td>\n<td>34191<\/td>\n<\/tr>\n<tr>\n<td width=\"64\">6<\/td>\n<td width=\"185\">Giuseppe Conte<\/td>\n<td>16481<\/td>\n<\/tr>\n<tr>\n<td width=\"64\">7<\/td>\n<td width=\"185\">Charles Michel<\/td>\n<td>15450<\/td>\n<\/tr>\n<tr>\n<td width=\"64\">8<\/td>\n<td width=\"185\">Pedro Sanchez<\/td>\n<td>11383<\/td>\n<\/tr>\n<tr>\n<td width=\"64\">9<\/td>\n<td width=\"185\">Kyriakos Mitsotakis<\/td>\n<td>7020<\/td>\n<\/tr>\n<tr>\n<td width=\"64\">10<\/td>\n<td width=\"185\">Sebastian Kurz<\/td>\n<td>6274<\/td>\n<\/tr>\n<tr>\n<td width=\"64\">11<\/td>\n<td width=\"185\">Mateusz Morawiecki<\/td>\n<td>4665<\/td>\n<\/tr>\n<tr>\n<td width=\"64\">12<\/td>\n<td width=\"185\">Mark Rutte<\/td>\n<td>4442<\/td>\n<\/tr>\n<tr>\n<td width=\"64\">13<\/td>\n<td width=\"185\">Sanna Marin<\/td>\n<td>2073<\/td>\n<\/tr>\n<tr>\n<td width=\"64\">14<\/td>\n<td width=\"185\">Igor Matovic<\/td>\n<td>1386<\/td>\n<\/tr>\n<tr>\n<td width=\"64\">15<\/td>\n<td width=\"185\">Mette Frederiksen<\/td>\n<td>1383<\/td>\n<\/tr>\n<tr>\n<td width=\"64\">16<\/td>\n<td width=\"185\">Antonio Costa<\/td>\n<td>1351<\/td>\n<\/tr>\n<tr>\n<td width=\"64\">17<\/td>\n<td width=\"185\">Gitanas Nausa<\/td>\n<td>898<\/td>\n<\/tr>\n<tr>\n<td width=\"64\">18<\/td>\n<td width=\"185\">Boyko Borissov<\/td>\n<td>846<\/td>\n<\/tr>\n<tr>\n<td width=\"64\">19<\/td>\n<td width=\"185\">Janez Jansa<\/td>\n<td>803<\/td>\n<\/tr>\n<tr>\n<td width=\"64\">20<\/td>\n<td width=\"185\">Nicos Anastasiades<\/td>\n<td>687<\/td>\n<\/tr>\n<tr>\n<td width=\"64\">21<\/td>\n<td width=\"185\">Robert Abela<\/td>\n<td>528<\/td>\n<\/tr>\n<tr>\n<td width=\"64\">22<\/td>\n<td width=\"185\">Krisjanis Karins<\/td>\n<td>330<\/td>\n<\/tr>\n<tr>\n<td width=\"64\">23<\/td>\n<td width=\"185\">Xavier Bettel<\/td>\n<td>203<\/td>\n<\/tr>\n<\/tbody>\n<\/table>\n<p><strong>Vizibilitatea in social media romaneasca a celor mai mari 10 orase din Franta=<\/strong><\/p>\n<p>In ultimul an, despre Paris s-au publicat 254.605 mentionari in social media, de 6 ori mai mult decat s-a scris despre Lyon si de 9 ori mai mult decat despre Nisa.<\/p>\n<table width=\"479\">\n<tbody>\n<tr>\n<td width=\"64\"><strong>Nr<\/strong><\/td>\n<td width=\"141\"><strong>Top Orase din Franta<\/strong><\/td>\n<td width=\"145\"><strong>Aparitii in perioada 20.oct 2019 \u2013 19.oct 2020<\/strong><\/td>\n<td width=\"129\"><strong>Viewership<\/strong><\/td>\n<\/tr>\n<tr>\n<td>1<\/td>\n<td>Paris<\/td>\n<td>254605<\/td>\n<td>864598991<\/td>\n<\/tr>\n<tr>\n<td>2<\/td>\n<td>Lyon<\/td>\n<td>40895<\/td>\n<td>104433133<\/td>\n<\/tr>\n<tr>\n<td>3<\/td>\n<td>Nisa<\/td>\n<td>27050<\/td>\n<td>110861665<\/td>\n<\/tr>\n<tr>\n<td>4<\/td>\n<td>Strasbourg<\/td>\n<td>23378<\/td>\n<td>89118080<\/td>\n<\/tr>\n<tr>\n<td>5<\/td>\n<td>Rennes<\/td>\n<td>15643<\/td>\n<td>13964746<\/td>\n<\/tr>\n<tr>\n<td>6<\/td>\n<td>Toulouse<\/td>\n<td>9708<\/td>\n<td>30194848<\/td>\n<\/tr>\n<tr>\n<td>7<\/td>\n<td>Lille<\/td>\n<td>9544<\/td>\n<td>15675563<\/td>\n<\/tr>\n<tr>\n<td>8<\/td>\n<td>Marsilia<\/td>\n<td>8954<\/td>\n<td>45451546<\/td>\n<\/tr>\n<tr>\n<td>9<\/td>\n<td>Nantes<\/td>\n<td>8312<\/td>\n<td>14699835<\/td>\n<\/tr>\n<tr>\n<td>10<\/td>\n<td>Bordeaux<\/td>\n<td>7264<\/td>\n<td>22595820<\/td>\n<\/tr>\n<\/tbody>\n<\/table>\n<p>Sursa articol <a href=\"https:\/\/generatia30.rfi.ro\/analiza\/?fbclid=IwAR0GSVlRnjBWrgBo4jAlIvVfxYNQLxl2B5l9W2K5zdOjqJTkuFaViFc0Oz8\">RFI Romania<\/a><\/p>\n","protected":false},"excerpt":{"rendered":"<p>Articol realziat de Zelist Monitor pentru RFI Romania, cu ocazia campaniei aniversare Generatia 30. Interesul social media pentru Franta s-a manifestat in ultimul an (20 oct 2019 \u2013 19 oct 2020) printr-un numar de 603.794\u00a0mentionari, cu 6 % mai mult fata de anul precedent, cand s-au inregistrat 568.306 aparitii. Despre Franta, cele mai multe mentionari [&hellip;]<\/p>\n","protected":false},"author":7,"featured_media":0,"comment_status":"open","ping_status":"open","sticky":false,"template":"","format":"standard","meta":{"jetpack_post_was_ever_published":false,"_jetpack_newsletter_access":"","_jetpack_dont_email_post_to_subs":false,"_jetpack_newsletter_tier_id":0,"_jetpack_memberships_contains_paywalled_content":false,"_jetpack_memberships_contains_paid_content":false,"footnotes":"","jetpack_publicize_message":"","jetpack_publicize_feature_enabled":true,"jetpack_social_post_already_shared":true,"jetpack_social_options":{"image_generator_settings":{"template":"highway","default_image_id":0,"font":"","enabled":false},"version":2}},"categories":[1],"tags":[1532,1537,1529,1522,1524,1526,1525,1406,15,1521,1536,1528,1531,1534,1535,1523,1533,1530,1527],"class_list":["post-31613","post","type-post","status-publish","format-standard","hentry","category-uncategorized","tag-cei-mai-vizibili-lideri-europeni","tag-cele-mai-vizibile-orase-din-franta","tag-cele-mai-vizibile-tari","tag-date-franta","tag-franta-presa","tag-franta-radio","tag-franta-tv","tag-monitorizare-media","tag-monitorizare-social-media","tag-statistici-despre-franta","tag-top-orase-franta","tag-top-tari-ue","tag-vizbilitate-franta","tag-vizibilitate-angela-merkel","tag-vizibilitate-emmnuel-macron","tag-vizibilitate-franta-in-social-media","tag-vizibilitate-klaus-iohannis","tag-vizibilitate-romania","tag-vizibilitate-tari-ue"],"jetpack_publicize_connections":[],"jetpack_featured_media_url":"","jetpack_sharing_enabled":true,"jetpack_shortlink":"https:\/\/wp.me\/p1H7ta-8dT","_links":{"self":[{"href":"https:\/\/www.zelist.ro\/blog\/wp-json\/wp\/v2\/posts\/31613","targetHints":{"allow":["GET"]}}],"collection":[{"href":"https:\/\/www.zelist.ro\/blog\/wp-json\/wp\/v2\/posts"}],"about":[{"href":"https:\/\/www.zelist.ro\/blog\/wp-json\/wp\/v2\/types\/post"}],"author":[{"embeddable":true,"href":"https:\/\/www.zelist.ro\/blog\/wp-json\/wp\/v2\/users\/7"}],"replies":[{"embeddable":true,"href":"https:\/\/www.zelist.ro\/blog\/wp-json\/wp\/v2\/comments?post=31613"}],"version-history":[{"count":10,"href":"https:\/\/www.zelist.ro\/blog\/wp-json\/wp\/v2\/posts\/31613\/revisions"}],"predecessor-version":[{"id":31628,"href":"https:\/\/www.zelist.ro\/blog\/wp-json\/wp\/v2\/posts\/31613\/revisions\/31628"}],"wp:attachment":[{"href":"https:\/\/www.zelist.ro\/blog\/wp-json\/wp\/v2\/media?parent=31613"}],"wp:term":[{"taxonomy":"category","embeddable":true,"href":"https:\/\/www.zelist.ro\/blog\/wp-json\/wp\/v2\/categories?post=31613"},{"taxonomy":"post_tag","embeddable":true,"href":"https:\/\/www.zelist.ro\/blog\/wp-json\/wp\/v2\/tags?post=31613"}],"curies":[{"name":"wp","href":"https:\/\/api.w.org\/{rel}","templated":true}]}}