
{"id":18504,"date":"2018-10-31T13:17:51","date_gmt":"2018-10-31T11:17:51","guid":{"rendered":"https:\/\/www.zelist.ro\/blog\/?p=18504"},"modified":"2018-10-31T13:17:51","modified_gmt":"2018-10-31T11:17:51","slug":"pe-12-noiembrie-incep-zilele-biz-2018-evenimentul-se-apropie-de-sold-out","status":"publish","type":"post","link":"https:\/\/www.zelist.ro\/blog\/pe-12-noiembrie-incep-zilele-biz-2018-evenimentul-se-apropie-de-sold-out\/","title":{"rendered":"Pe 12 Noiembrie \u00eencep Zilele Biz 2018. Evenimentul se apropie de sold out!"},"content":{"rendered":"<p><a href=\"https:\/\/www.zelist.ro\/blog\/wp-content\/uploads\/2018\/10\/General-e1540976431746.jpg\"><img loading=\"lazy\" decoding=\"async\" class=\"aligncenter size-full wp-image-18509\" src=\"https:\/\/www.zelist.ro\/blog\/wp-content\/uploads\/2018\/10\/General-e1540976431746.jpg\" alt=\"\" width=\"650\" height=\"340\" \/><\/a><\/p>\n<p style=\"text-align: justify;\">Profesioni\u0219tii mediului de business a\u0219teapt\u0103 de ceva timp Festivalul de business al Rom\u00e2niei, <a href=\"https:\/\/zilelebiz.ro\/\" target=\"_blank\" rel=\"noopener\">Zilele Biz<\/a>. Evenimentul se apropie de sold out, asta pentru pentru c\u0103 edi\u021biile anterioare au reprezentat adev\u0103rate experien\u021be pentru participan\u021bi. A 17-a edi\u021bie eviden\u021biaz\u0103 performan\u021ba \u00een business \u0219i reune\u015fte leaderii \u015fi profesioni\u015ftii care au devenit game-changeri \u00een domeniul lor.<\/p>\n<p style=\"text-align: justify;\">Conferin\u021ba se desf\u0103\u015foar\u0103 \u00een perioada 12 &#8211; 16 Noiembrie \u00een Bucure\u015fti, la ARCUB.<br \/>\nParticipan\u0163ii vor avea ocazia s\u0103 interac\u0163ioneze zilnic \u015fi s\u0103 discute oportunit\u0103\u0163i de business cu profesioni\u015fti din peste 200 de companii de top.<\/p>\n<p style=\"text-align: justify;\">Echipa Biz a preg\u0103tit participan\u0163ilor cinci zile de conferin\u0163e, prezent\u0103ri \u015fi dezbateri pe cele mai dinamice domenii din economia rom\u00e2neasc\u0103: Antreprenoriat, Inova\u0163ie, Management, Media &amp; Marketing \u015fi CSR.<\/p>\n<p style=\"text-align: justify;\"><strong>Ziua de Antreprenoriat, 12 Noiembrie<\/strong><br \/>\nZiua Antreprenoriatului \u00ee\u0163i aduce \u00een fa\u0163\u0103 oamenii de business cu experien\u021b\u0103, dar \u0219i tineri care au curaj s\u0103 construiasc\u0103 businessuri de la zero. Keynote speaker-ul <strong>Iulian Stanciu<\/strong>, eMAG, va vorbi despre provoc\u0103rile antreprenoriatului, dar \u0219i despre cum \u00ee\u021bi p\u0103strezi echilibrul c\u00e2nd afacerea ta devine un business regional de peste 1 miliard de euro.<br \/>\nDezbaterea <em><strong>P\u0103strezi sau vinzi? Cum po\u021bi duce afacerea la un nou nivel?<\/strong><\/em> \u00eei pune fa\u021b\u0103 \u00een fa\u021b\u0103 pe:<br \/>\n\u2022 Felix P\u0103tr\u0103\u0219canu, Fondator &amp; Managing Partner, FAN Courier<br \/>\n\u2022 Mirela Dr\u0103goi, Cofondator, Pet Star Holding<br \/>\n\u2022 Mihai Rotaru, Cofondator, Clever Taxi<br \/>\n\u2022 Radu Savopol, Fondator, 5 To Go<br \/>\n\u2022 Mariana Br\u0103descu, Cofondator, Piatra Online<br \/>\n\u2022 Ioan Cocan, Cofondator, Tremend.<br \/>\nVezi programul integral: <a href=\"https:\/\/zilelebiz.ro\/program\/#luni\" target=\"_blank\" rel=\"noopener\">https:\/\/zilelebiz.ro\/program\/#luni<\/a><\/p>\n<p style=\"text-align: justify;\"><strong>Ziua de Inova\u021bie, 13 Noiembrie<\/strong><br \/>\nZiua debuteaz\u0103 cu un keynote speech sus\u021binut de <strong>Radu Tudor<\/strong>, MB Telecom, care aduce \u00een prim-plan revolu\u021bionarul scanner pentru avioane, laureat la Salonul de Inven\u021bii de la Geneva \u0219i care \u00eencepe s\u0103 cucereasc\u0103 pie\u021be din toat\u0103 lumea.<br \/>\nUrmatoarele sesiuni \u00eei aduc \u00een fa\u021ba publicului pe <strong>Nicolae Zamfir<\/strong>, coordonatorul proiectului de construc\u021bie a celui mai puternic laser din lume la M\u0103gurele \u0219i <strong>Adina Florea<\/strong>, decan al Facult\u0103\u021bii de Automatic\u0103 \u0219i Calculatoare, care a creat o adev\u0103rat\u0103 \u0219coal\u0103 rom\u00e2neasc\u0103 \u00een domeniul inteligen\u021bei artificiale, vor fi intervieva\u021bi de celebrul antreprenor \u0219i inventator <strong>Cornel Amariei<\/strong> despre ce \u00eenseamn\u0103 s\u0103 fii \u00een prima linie a inova\u021biei globale.<br \/>\nVezi programul integral: <a href=\"https:\/\/zilelebiz.ro\/program\/#marti\" target=\"_blank\" rel=\"noopener\">https:\/\/zilelebiz.ro\/program\/#marti<\/a><\/p>\n<p style=\"text-align: justify;\"><strong>Ziua de Management, 14 Noiembrie<\/strong><br \/>\n\u00cen ziua dedicat\u0103 managementului, vom avea un workshop de creativitate pentru manageri \u201eCum s\u0103 ai idei \u2013 re\u021beta pentru creativitate\u201d \u0219i lansarea primei edi\u021bii a \u201eCEO Report\u201d, un anuar cu cei mai puternici 100 de CEO din Rom\u00e2nia.<br \/>\nPrintre invita\u021bii zilei de 14 noiembrie se num\u0103r\u0103:<br \/>\n\u2022 Andrei Ro\u0219u, sportiv de anduran\u021b\u0103 \u0219i speaker motivational<br \/>\n\u2022 Horia Adrian, CEO, Holcim Rom\u00e2nia<br \/>\n\u2022 Adrian Nanulescu, Mentor, Ascendis<br \/>\n\u2022 Carmina Dragomir, CEO, Metropolitan Life<br \/>\n\u2022 Bogdan Badea, CEO, eJobs<br \/>\n\u2022 Mariana Br\u0103descu Constantinescu, Fondator, PIATRAONLINE<br \/>\nVezi programul integral: <a href=\"https:\/\/zilelebiz.ro\/program\/#miercuri\" target=\"_blank\" rel=\"noopener\">https:\/\/zilelebiz.ro\/program\/#miercuri<\/a><\/p>\n<p style=\"text-align: justify;\"><strong>Ziua de Media &amp; Marketing, 15 Noiembrie<\/strong><br \/>\nZiua dedicat\u0103 industriei de marcomm incepe cu o discu\u021bie despre <strong>Business vs Creativitate<\/strong>, sus\u021binut\u0103 de Mihai Bot\u0103rel, Co-Founder, Creative Director, RXM Creative<br \/>\nPe parcursul zilei, va avea loc dezbaterea provocatoare: \u201d<strong>Veteranii fa\u021b\u0103 \u00een fa\u021b\u0103 cu noua genera\u021bie<\/strong>\u201d. Noua genera\u021bie de publicitari \u00eent\u00e2lne\u0219te pe aceea\u0219i scen\u0103 veteranii industriei \u0219i \u00eempreun\u0103 vor dezbate dup\u0103 regulile competi\u021biilor de dezbateri formale ARDOR. Dezbaterea va fi moderat\u0103 de <strong>Radu Atanasiu<\/strong>, profesor la Maastricht School of Management Rom\u00e2nia.<br \/>\nPrintre invita\u021bii zilei de 15 noiembrie se num\u0103r\u0103:<br \/>\n\u2022 Bogdan Naumovici, Managing Partner, 23 Communication Ideas<br \/>\n\u2022 Costin Bogdan, Group Creative Director, McCann Worldgroup Rom\u00e2nia<br \/>\n\u2022 Alex Cote\u021b, Regizor, Scenarist, Editor, Sector 7<br \/>\n\u2022 C\u0103lin Clej, Director de marketing, Huawei CBG Rom\u00e2nia<br \/>\n\u2022 Dr. Bogdan Iliescu, Medic specialist neurochirurg, Spitalul Clinic de Urgen\u021be \u201cProf Dr N Oblu<br \/>\n\u2022 R\u0103zvan Ionescu, publisher, Recorder.ro<br \/>\nVezi programul integral: <a href=\"https:\/\/zilelebiz.ro\/program\/#joi\" target=\"_blank\" rel=\"noopener\">https:\/\/zilelebiz.ro\/program\/#joi<\/a><\/p>\n<p style=\"text-align: justify;\"><strong>Ziua de CSR, 16 Noiembrie<\/strong><br \/>\nThomas Kolster, MR. Goodvertising, va fi din nou pe scena Zilelor Biz. Speaker inspirational, autor, avocat al sustenabilit\u0103\u021bii! A\u0219a poate fi descris Thomas Kolster, cel care a creat mi\u0219carea &#8220;Goodvertising&#8221;. Cu peste 16 ani de experien\u021b\u0103 \u00een publicitate \u0219i sustenabilitate, este o voce puternic\u0103 pentru zeci de branduri globale. Huffington Post \u00eel nume\u0219te \u201cLider de inspira\u021bie\u201d.<br \/>\n<strong>Vlad Voiculescu<\/strong>, un alt invitat de renume, va fi prezent al\u0103turi de noi \u00een cadrul zilei de CSR. Vom \u00eencerca s\u0103 afl\u0103m cum putem schimba Rom\u00e2nia \u00een bine.<br \/>\n<strong>Valeriu Nicolae,<\/strong> fost consilier pentru integrare social\u0103 \u0219i problemele rromilor \u00een cabinetul Dacian Ciolo\u0219, este recunoscut pentru implicarea \u00een programe na\u021bionale pentru drepturile copiilor, incluziune social\u0103 \u0219i politici privind s\u0103r\u0103cia, va fi \u0219i el pe scena Festivalului de business.<br \/>\nVezi programul integral: <a href=\"https:\/\/zilelebiz.ro\/program\/#vineri\" target=\"_blank\" rel=\"noopener\">https:\/\/zilelebiz.ro\/program\/#vineri<\/a><\/p>\n<p style=\"text-align: justify;\">Evenimentul se afl\u0103 la cea de-a 17-a edi\u021bie \u0219i va avea loc \u00een perioada 12-16 Noiembrie, la ARCUB Gabroveni, Bucure\u0219ti. Detalii despre speakerii prezen\u021bi la edi\u021bia de anul acesta \u0219i programul evenimentului g\u0103si\u021bi pe <a href=\"https:\/\/zilelebiz.ro\/\" target=\"_blank\" rel=\"noopener\">www.zilelebiz.ro<\/a> \u0219i pe <a href=\"https:\/\/www.facebook.com\/events\/693791381005580\/\" target=\"_blank\" rel=\"noopener\">Facebook event<\/a>.<\/p>\n","protected":false},"excerpt":{"rendered":"<p>Profesioni\u0219tii mediului de business a\u0219teapt\u0103 de ceva timp Festivalul de business al Rom\u00e2niei, Zilele Biz. Evenimentul se apropie de sold out, asta pentru pentru c\u0103 edi\u021biile anterioare au reprezentat adev\u0103rate experien\u021be pentru participan\u021bi. A 17-a edi\u021bie eviden\u021biaz\u0103 performan\u021ba \u00een business \u0219i reune\u015fte leaderii \u015fi profesioni\u015ftii care au devenit game-changeri \u00een domeniul lor. Conferin\u021ba se desf\u0103\u015foar\u0103 [&hellip;]<\/p>\n","protected":false},"author":11,"featured_media":0,"comment_status":"open","ping_status":"open","sticky":false,"template":"","format":"standard","meta":{"jetpack_post_was_ever_published":false,"_jetpack_newsletter_access":"","_jetpack_dont_email_post_to_subs":false,"_jetpack_newsletter_tier_id":0,"_jetpack_memberships_contains_paywalled_content":false,"_jetpack_memberships_contains_paid_content":false,"footnotes":"","jetpack_publicize_message":"","jetpack_publicize_feature_enabled":true,"jetpack_social_post_already_shared":true,"jetpack_social_options":{"image_generator_settings":{"template":"highway","default_image_id":0,"font":"","enabled":false},"version":2}},"categories":[192],"tags":[928,1277,294],"class_list":["post-18504","post","type-post","status-publish","format-standard","hentry","category-comunicate-de-presa","tag-business","tag-festival-de-business","tag-zilele-biz"],"jetpack_publicize_connections":[],"jetpack_featured_media_url":"","jetpack_sharing_enabled":true,"jetpack_shortlink":"https:\/\/wp.me\/p1H7ta-4Os","_links":{"self":[{"href":"https:\/\/www.zelist.ro\/blog\/wp-json\/wp\/v2\/posts\/18504","targetHints":{"allow":["GET"]}}],"collection":[{"href":"https:\/\/www.zelist.ro\/blog\/wp-json\/wp\/v2\/posts"}],"about":[{"href":"https:\/\/www.zelist.ro\/blog\/wp-json\/wp\/v2\/types\/post"}],"author":[{"embeddable":true,"href":"https:\/\/www.zelist.ro\/blog\/wp-json\/wp\/v2\/users\/11"}],"replies":[{"embeddable":true,"href":"https:\/\/www.zelist.ro\/blog\/wp-json\/wp\/v2\/comments?post=18504"}],"version-history":[{"count":3,"href":"https:\/\/www.zelist.ro\/blog\/wp-json\/wp\/v2\/posts\/18504\/revisions"}],"predecessor-version":[{"id":18510,"href":"https:\/\/www.zelist.ro\/blog\/wp-json\/wp\/v2\/posts\/18504\/revisions\/18510"}],"wp:attachment":[{"href":"https:\/\/www.zelist.ro\/blog\/wp-json\/wp\/v2\/media?parent=18504"}],"wp:term":[{"taxonomy":"category","embeddable":true,"href":"https:\/\/www.zelist.ro\/blog\/wp-json\/wp\/v2\/categories?post=18504"},{"taxonomy":"post_tag","embeddable":true,"href":"https:\/\/www.zelist.ro\/blog\/wp-json\/wp\/v2\/tags?post=18504"}],"curies":[{"name":"wp","href":"https:\/\/api.w.org\/{rel}","templated":true}]}}