
{"id":18387,"date":"2018-10-23T16:05:47","date_gmt":"2018-10-23T14:05:47","guid":{"rendered":"https:\/\/www.zelist.ro\/blog\/?p=18387"},"modified":"2018-10-23T16:05:47","modified_gmt":"2018-10-23T14:05:47","slug":"a-doua-editie-a-turneului-classic-unlimited-leaga-10-spatii-neconventionale-din-9-orase-din-tara","status":"publish","type":"post","link":"https:\/\/www.zelist.ro\/blog\/a-doua-editie-a-turneului-classic-unlimited-leaga-10-spatii-neconventionale-din-9-orase-din-tara\/","title":{"rendered":"A doua edi\u021bie a turneului Classic Unlimited leag\u0103 10 spa\u021bii neconven\u021bionale din 9 ora\u0219e din \u021bar\u0103"},"content":{"rendered":"<p><a href=\"https:\/\/www.zelist.ro\/blog\/wp-content\/uploads\/2018\/10\/Classic-Unlimited_foto-e1540296930807.jpg\"><img loading=\"lazy\" decoding=\"async\" class=\"aligncenter size-full wp-image-18389\" src=\"https:\/\/www.zelist.ro\/blog\/wp-content\/uploads\/2018\/10\/Classic-Unlimited_foto-e1540296930807.jpg\" alt=\"\" width=\"650\" height=\"434\" \/><\/a><\/p>\n<p style=\"text-align: justify;\">Cu un repertoriu inspirat de Sonata nr. 7 de Prokofiev, a doua edi\u021bie a turneului <strong>Classic Unlimited<\/strong>, cel mai t\u00e2n\u0103r proiect rom\u00e2nesc dedicat muzicii clasice, va debuta \u00een aceast\u0103 s\u0103pt\u0103m\u00e2n\u0103 la <strong>Alba Iulia<\/strong>. Concertul care deschide turneul sus\u021binut de <strong>pianistul<\/strong> <strong>Bogdan Vaida<\/strong> va avea loc <strong>joi, 25 octombrie 2018, ora 19.00<\/strong>, la <strong>Galeria de art\u0103 Framm\u2019s<\/strong>, un spa\u021biu \u00een forma unui tunel din Cetatea Alba Carolina.<\/p>\n<p style=\"text-align: justify;\">\u201e<em>Edi\u021bia de anul trecut ne-a dat foarte mult\u0103 energie \u0219i \u00eencredere \u00een proiect \u0219i ne-a confirmat teoria cum c\u0103, dac\u0103 prezent\u0103m muzica clasic\u0103 \u00eentr-o atmosfer\u0103 mai lejer\u0103, mai prietenoas\u0103, oamenii vor veni. Anul acesta am reu\u0219it s\u0103 ob\u021binem mai multe resurse financiare, iar asta \u00eenseamn\u0103 implicit c\u0103 vom avea mai multe concerte \u00een mai multe ora\u0219e. Simt mult\u0103 curiozitate din partea publicului pentru acest proiect \u0219i cred c\u0103 vom avea, \u0219i \u00een acest an, spa\u021biile de concert pline<\/em>\u2019\u2019, a declarat <strong>Alin Vaida<\/strong>, directorul executiv al Fapte, asocia\u021bia care organizeaz\u0103 turneul.<\/p>\n<p style=\"text-align: justify;\">Dac\u0103 la prima edi\u021bie repertoriul Classic Unlimited s-a auzit \u00een 9 spa\u021bii neconven\u021bionale din 8 ora\u0219e, anul acesta turneul leag\u0103 10 spa\u021bii atipice din 9 ora\u0219e din \u021bar\u0103. Astfel, dup\u0103 Alba Iulia va veni r\u00e2ndul Clujului, unde s\u00e2mb\u0103t\u0103, 27 octombrie 2018, va avea loc, \u00een tipografia Daisler Print House, cel de-al doilea concert al turneului. Urm\u0103toarele ora\u0219e \u0219i spa\u021bii de concert de pe harta turneului vor fi:<\/p>\n<ul style=\"text-align: justify;\">\n<li>29 octombrie &#8211; Timi\u0219oara &#8211; Hubul Ambasada<\/li>\n<li>\u00a0 8 noiembrie &#8211; Ia\u0219i &#8211; Sediul companiei Thinslices<\/li>\n<li>10 noiembrie &#8211; Reghin &#8211; Fabrica de mobil\u0103 Dalin<\/li>\n<li>13 noiembrie &#8211; T\u00e2rgu Mure\u0219 &#8211; Uzina Foto<\/li>\n<li>15 noiembrie &#8211; Bucure\u0219ti &#8211; Nod Makers<\/li>\n<li>17 noiembrie &#8211; Bra\u0219ov &#8211; Hubul Visssual<\/li>\n<li>20 noiembrie &#8211; Cluj-Napoca &#8211; Salonul terapeutic Kinetomed<\/li>\n<li>22 noiembrie &#8211; Petrila &#8211; Mina Petrila<\/li>\n<\/ul>\n<p style=\"text-align: justify;\">\u00cen timpul concertelor, pe l\u00e2ng\u0103 sonata lui Sergei Prokofiev, iubitorii muzicii clasice vor mai putea asculta <em>Intermezzo<\/em> de Johannes Brahms, <em>Sarabande (op.10)<\/em> de George Enescu, <em>La cathedrale engloutie<\/em> de Claude Debussy, dou\u0103 piese din suita <em>Romeo \u0219i Julieta<\/em> de Sergei Prokofiev,<em> J-Rhapsody<\/em> de Ciprian Pop \u0219i <em>Impromptu (op.142, nr. 3)<\/em> de Franz Schubert.<\/p>\n<p style=\"text-align: justify;\">\u201e<em>\u00cen fiecare an \u00eencep prin a-mi alege ceva ce \u00eemi doresc mult s\u0103 studiez \u0219i \u00een jurul acestei opere construiesc repertoriul. Anul acesta, mi-am dorit s\u0103 aprofundez Sonata nr. 7 de Prokofiev. E o lucrare relativ complicat\u0103 \u0219i abstract\u0103, pe care am echilibrat-o mai apoi cu restul buc\u0103\u021bilor din concert. Nu lipse\u0219te Intermezzo de Brahms, piesa cu care am deschis concertele Classic Unlimited de anul trecut \u0219i, bine\u00een\u021beles, o pies\u0103 de Enescu, un compozitor prezent mereu \u00een repertoriile mele<\/em>\u2019\u2019, a spus pianistul <strong>Bogdan Vaida<\/strong>.<\/p>\n<p>Accesul la concertele din cadrul turneului Classic Unlimited este gratuit, dar din cauza locurilor limitate participan\u021bii trebuie s\u0103-\u0219i rezerve locul pe site-ul <a href=\"https:\/\/www.classicunlimited.ro\/\" target=\"_blank\" rel=\"noopener\">www.classicunlimited.ro<\/a>.<\/p>\n","protected":false},"excerpt":{"rendered":"<p>Cu un repertoriu inspirat de Sonata nr. 7 de Prokofiev, a doua edi\u021bie a turneului Classic Unlimited, cel mai t\u00e2n\u0103r proiect rom\u00e2nesc dedicat muzicii clasice, va debuta \u00een aceast\u0103 s\u0103pt\u0103m\u00e2n\u0103 la Alba Iulia. Concertul care deschide turneul sus\u021binut de pianistul Bogdan Vaida va avea loc joi, 25 octombrie 2018, ora 19.00, la Galeria de art\u0103 [&hellip;]<\/p>\n","protected":false},"author":11,"featured_media":0,"comment_status":"open","ping_status":"open","sticky":false,"template":"","format":"standard","meta":{"jetpack_post_was_ever_published":false,"_jetpack_newsletter_access":"","_jetpack_dont_email_post_to_subs":false,"_jetpack_newsletter_tier_id":0,"_jetpack_memberships_contains_paywalled_content":false,"_jetpack_memberships_contains_paid_content":false,"footnotes":"","jetpack_publicize_message":"","jetpack_publicize_feature_enabled":true,"jetpack_social_post_already_shared":true,"jetpack_social_options":{"image_generator_settings":{"template":"highway","default_image_id":0,"font":"","enabled":false},"version":2}},"categories":[192],"tags":[1271,1272],"class_list":["post-18387","post","type-post","status-publish","format-standard","hentry","category-comunicate-de-presa","tag-classic-unlimited","tag-turneu-alba-iulia"],"jetpack_publicize_connections":[],"jetpack_featured_media_url":"","jetpack_sharing_enabled":true,"jetpack_shortlink":"https:\/\/wp.me\/p1H7ta-4Mz","_links":{"self":[{"href":"https:\/\/www.zelist.ro\/blog\/wp-json\/wp\/v2\/posts\/18387","targetHints":{"allow":["GET"]}}],"collection":[{"href":"https:\/\/www.zelist.ro\/blog\/wp-json\/wp\/v2\/posts"}],"about":[{"href":"https:\/\/www.zelist.ro\/blog\/wp-json\/wp\/v2\/types\/post"}],"author":[{"embeddable":true,"href":"https:\/\/www.zelist.ro\/blog\/wp-json\/wp\/v2\/users\/11"}],"replies":[{"embeddable":true,"href":"https:\/\/www.zelist.ro\/blog\/wp-json\/wp\/v2\/comments?post=18387"}],"version-history":[{"count":2,"href":"https:\/\/www.zelist.ro\/blog\/wp-json\/wp\/v2\/posts\/18387\/revisions"}],"predecessor-version":[{"id":18390,"href":"https:\/\/www.zelist.ro\/blog\/wp-json\/wp\/v2\/posts\/18387\/revisions\/18390"}],"wp:attachment":[{"href":"https:\/\/www.zelist.ro\/blog\/wp-json\/wp\/v2\/media?parent=18387"}],"wp:term":[{"taxonomy":"category","embeddable":true,"href":"https:\/\/www.zelist.ro\/blog\/wp-json\/wp\/v2\/categories?post=18387"},{"taxonomy":"post_tag","embeddable":true,"href":"https:\/\/www.zelist.ro\/blog\/wp-json\/wp\/v2\/tags?post=18387"}],"curies":[{"name":"wp","href":"https:\/\/api.w.org\/{rel}","templated":true}]}}