
{"id":16810,"date":"2018-06-12T16:05:00","date_gmt":"2018-06-12T14:05:00","guid":{"rendered":"https:\/\/www.zelist.ro\/blog\/?p=16810"},"modified":"2018-06-12T16:05:00","modified_gmt":"2018-06-12T14:05:00","slug":"marele-premiu-al-galei-societatii-civile-2018-a-fost-acordat-unui-proiect-din-domeniul-sanatatii","status":"publish","type":"post","link":"https:\/\/www.zelist.ro\/blog\/marele-premiu-al-galei-societatii-civile-2018-a-fost-acordat-unui-proiect-din-domeniul-sanatatii\/","title":{"rendered":"Marele premiu al Galei Societ\u0103\u021bii Civile 2018 a fost acordat unui proiect din domeniul s\u0103n\u0103t\u0103\u021bii"},"content":{"rendered":"<p><a href=\"https:\/\/www.zelist.ro\/blog\/wp-content\/uploads\/2018\/06\/GSC_2018-2-e1528811997940.png\"><img loading=\"lazy\" decoding=\"async\" class=\"aligncenter size-full wp-image-16811\" src=\"https:\/\/www.zelist.ro\/blog\/wp-content\/uploads\/2018\/06\/GSC_2018-2-e1528811997940.png\" alt=\"\" width=\"650\" height=\"342\" \/><\/a><\/p>\n<p style=\"text-align: justify;\"><strong>Marele Premiu al Galei Societ\u0103\u021bii Civile a fost acordat \u0219i anul acesta unui proiect din sfera s\u0103n\u0103t\u0103\u021bii. Astfel, \u00een cadrul evenimentului g\u0103zduit asear\u0103 la Ateneul Rom\u00e2n, proiectul \u201eNoi facem un spital\u201d al Asocia\u021biei D\u0103ruie\u0219te Via\u021b\u0103 a fost desemnat marele c\u00e2\u0219tig\u0103tor<\/strong>. Acela\u0219i proiect a ob\u021binut \u0219i Locul I la sec\u021biunea \u201eS\u0103n\u0103tate\u201d.<\/p>\n<p style=\"text-align: justify;\">Asocia\u021bia D\u0103ruie\u0219te Via\u021b\u0103 i-a provocat pe rom\u00e2ni s\u0103 \u00eendr\u0103zneasc\u0103 s\u0103 cread\u0103 \u00een for\u021ba proprie \u0219i \u00een cea a comunit\u0103\u021bii, ar\u0103t\u00e2ndu-le c\u0103 dac\u0103 aleg s\u0103 se implice \u00een reformarea sistemului, pot ob\u021bine rezultate notabile, \u0219i anume s\u0103 construiasc\u0103 Primul Spital de Oncologie \u0219i Radioterapie Pediatric\u0103 din Rom\u00e2nia. \u201cNoi facem un spital\u201d este un proiect \u00eendr\u0103zne\u021b, care a reu\u0219it s\u0103 d\u0103r\u00e2me mitul c\u0103 \u00een Rom\u00e2nia nu se poate.<\/p>\n<p style=\"text-align: justify;\">Peste 100.000 de persoane \u0219i 1.400 de companii au contribuit, \u00een urma campaniei de informare, con\u0219tientizare \u0219i sensibilizare dus\u0103 de asocia\u021bie, la construirea de la zero a primului spital din \u021bara noastr\u0103 finan\u021bat exclusiv din dona\u021bii \u0219i sponsoriz\u0103ri.<\/p>\n<p style=\"text-align: justify;\">\u201eEdi\u021bia de anul acesta a Galei Societ\u0103\u021bii Civile a purtat amprenta Reginei Maria, ale c\u0103rei valori sunt un adev\u0103rat reper pentru to\u021bi cei ce vor s\u0103 creasc\u0103 binele \u0219i s\u0103 duc\u0103 o via\u021b\u0103 \u00een folosul celorlal\u021bi. Am ales s\u0103 scoatem \u00een eviden\u021b\u0103 valorile insuflate de aceast\u0103 mare figura istoric\u0103 a Rom\u00e2niei, s\u0103rb\u0103torind \u0219i promov\u00e2nd, la r\u00e2ndul nostru, Reginele Ne\u0219tiute ale Societ\u0103\u021bii Civile. Caracteristicile princiare ale unei astfel de personalit\u0103\u021bi se afl\u0103 \u00een profunzimea oric\u0103rei persoane care face bine, iar rolul nostru este s\u0103 cre\u0103m contextul \u00een care aceste calit\u0103\u021bi pot fi aplaudate \u0219i astfel promovate drept un exemplu de urmat. Iar o mare parte dintre aceste ini\u021biative sunt recunoscute pe scena Galei Societ\u0103\u021bii Civile \u00een fiecare an\u201d, a declarat Florentina Loloiu, Director Programe Funda\u021bia Gala Societ\u0103\u021bii Civile.<\/p>\n<p style=\"text-align: justify;\">\u00cen cadrul edi\u021biei 2018 a Galei Societ\u0103\u021bii Civile au fost \u00eenscrise \u00een competi\u021bie 189 de proiecte, programe \u0219i campanii de comunicare pe teme sociale.<\/p>\n<p style=\"text-align: justify;\">Cele mai multe proiecte au fost \u00eenscrise \u00een 2018 la sec\u021biunea <em>Proiecte pentru Tineret<\/em>, respectiv 30, aceast\u0103 sec\u021biune fiind urmat\u0103 \u00eendeaproape de <em>Educa\u021bie, \u00cenv\u0103\u021b\u0103m\u00e2nt, Cercetare<\/em>, cu 27 de proiecte \u0219i de <em>Proiecte \u0219i campanii de Voluntariat<\/em>, cu 26 de proiecte \u00eenscrise.<\/p>\n<p style=\"text-align: justify;\">Totodat\u0103, competi\u021bia a debutat anul acesta cu dou\u0103 noi sec\u021biuni: <em>Ini\u021biative cet\u0103\u021bene\u0219ti<\/em> \u0219i <em>Campanii de comunicare pe teme sociale<\/em> \u0219i dou\u0103 premii speciale: cel dedicat Organiza\u021biei New Entry \u00een sector \u0219i Premiul Special pentru Inova\u021bie.<\/p>\n<p style=\"text-align: justify;\"><strong>Lista complet\u0103 a c\u00e2\u0219tig\u0103torilor Galei Societ\u0103\u021bii Civile 2018:<\/strong><\/p>\n<p style=\"text-align: justify;\"><strong>MARELE PREMIU \u2013 GALA SOCIET\u0102\u021aII CIVILE 2018<\/strong><br \/>\n<em><strong>NOI FACEM UN SPITAL<\/strong><\/em> &#8211; Asocia\u021bia D\u0103ruie\u0219te Via\u021b\u0103<\/p>\n<p><em><strong>Educa\u021bie, \u00cenv\u0103\u021b\u0103m\u00e2nt, Cercetare<\/strong><\/em><\/p>\n<p style=\"text-align: justify;\">Locul I &#8211; <em><strong>Getting civically fit &#8211; Educa\u021bie civic\u0103<\/strong><\/em> &#8211; Funky Citizens<br \/>\nLocul II &#8211; <em><strong>LEXY &#8211; platform\u0103 \u00een limba rom\u00e2n\u0103 pentru copiii dislexici<\/strong><\/em> &#8211; Ionescu Bogdan<br \/>\nLocul III &#8211; <em><strong>\u00cendreptar Digital<\/strong><\/em> &#8211; Asocia\u021bia Techsoup<\/p>\n<p style=\"text-align: justify;\"><em><strong>Art\u0103 \u0219i Cultur\u0103<\/strong><\/em><\/p>\n<p style=\"text-align: justify;\">Locul I &#8211; <em><strong>Mi\u0219care \u0219i Culoare<\/strong><\/em> &#8211; Asocia\u021bia Sec\u021bia de Coregrafie<br \/>\nLocul II &#8211; <em><strong>Via\u021ba mea prin ochii t\u0103i: O incursiune fotografic\u0103 \u00een lumea tinerilor institu\u021bionaliza\u021bi din Rom\u00e2nia<\/strong><\/em> &#8211; Asocia\u021bia The Social Incubator<br \/>\nLocul II &#8211;<em><strong> Experience Bucharest<\/strong><\/em> &#8211; Grupul de Ini\u021biativ\u0103 Experience Bucharest<br \/>\nLocul III &#8211; <em><strong>Orice copil poate c\u0103l\u0103tori<\/strong><\/em> &#8211; Anda Maxim, Tudor Maxim, Georgiana Graure<\/p>\n<p style=\"text-align: justify;\"><em><strong>Ap\u0103rarea drepturilor individuale\/colective<\/strong><\/em><\/p>\n<p style=\"text-align: justify;\">Locul I &#8211; <em><strong>Ocolirea parcului Her\u0103str\u0103u \u00een siguran\u021b\u0103 pentru pietoni, persoane cu dizabilit\u0103\u021bi \u0219i bicicli\u0219ti<\/strong><\/em> &#8211; Asocia\u021bia HaicuBicla<br \/>\nLocul II &#8211; <em><strong>Sensabilitate &#8211; caravana pentru con\u0219tientizarea surdocecit\u0103\u021bii<\/strong><\/em> &#8211; Funda\u021bia Sense Interna\u021bional Rom\u00e2nia<br \/>\nLocul III &#8211; <em><strong>Campania na\u021bional\u0103 &#8220;Aripi Fr\u00e2nte&#8221;<\/strong><\/em> &#8211; Asocia\u021bia Necuvinte<\/p>\n<p style=\"text-align: justify;\"><em><strong>Comportament civic \u0219i Participare public\u0103<\/strong><\/em><\/p>\n<p style=\"text-align: justify;\">Locul I &#8211; <em><strong>\u0218coli Conectate la Comunitate<\/strong><\/em> &#8211; Funda\u021bia Noi Orizonturi<br \/>\nLocul II &#8211; <em><strong>Canal Busters<\/strong><\/em> &#8211; Asocia\u021bia HaicuBicla<br \/>\nLocul III &#8211; <em><strong>Fondul ONG \u00een Rom\u00e2nia<\/strong><\/em> &#8211; Funda\u021bia pentru Dezvoltarea Societ\u0103\u021bii Civile<\/p>\n<p style=\"text-align: justify;\"><em><strong>S\u0103n\u0103tate<\/strong><\/em><\/p>\n<p style=\"text-align: justify;\">Locul I &#8211; <em><strong>NOI FACEM UN SPITAL<\/strong><\/em> &#8211; Asocia\u021bia D\u0103ruie\u0219te Via\u021b\u0103<br \/>\nLocul II &#8211; <em><strong>#cudrag pentru viitor<\/strong><\/em> &#8211; Asocia\u021bia Cetatea Voluntarilor Arad<br \/>\nLocul III &#8211; <em><strong>Fiecare Copil Conteaz\u0103 &#8211; Siguran\u021b\u0103 prin educa\u021bie pentru nutri\u021bie \u0219i s\u0103n\u0103tate &#8211; S.E.N.S.<\/strong><\/em> &#8211; Salva\u021bi Copiii Rom\u00e2nia<\/p>\n<p style=\"text-align: justify;\"><em><strong>Incluziune social\u0103<\/strong><\/em><\/p>\n<p style=\"text-align: justify;\">Locul I &#8211; <em><strong>R\u0103spiua! &#8211; spa\u021biu de joac\u0103 pentru to\u021bi copiii<\/strong><\/em> &#8211; Asocia\u021bia Metodelor Alternative de Integrare Social\u0103<br \/>\nLocul II &#8211; <em><strong>Playhood &#8211; Teatru pentru schimbare social\u0103<\/strong><\/em> &#8211; Funda\u021bia Policy Center for Roma and Minorities<br \/>\nLocul III &#8211; <em><strong>Telefonul V\u00e2rstnicului<\/strong><\/em> &#8211; Funda\u021bia Principesa Margareta a Rom\u00e2niei<\/p>\n<p style=\"text-align: justify;\"><em><strong>Servicii de Asisten\u021b\u0103 social\u0103<\/strong><\/em><\/p>\n<p style=\"text-align: justify;\">Locul I &#8211; <em><strong>Genera\u021bii &#8211; Centrul Comunit\u0103\u021bii<\/strong><\/em> &#8211; Funda\u021bia Principesa Margareta a Rom\u00e2niei<br \/>\nLocul II &#8211; <em><strong>Sprijin moral, practic \u0219i material pentru v\u00e2rstnici<\/strong><\/em> &#8211; Niciodat\u0103 Singur &#8211; Prietenii V\u00e2rstnicilor<br \/>\nLocul III &#8211; <em><strong>Casa de tip familial cu num\u0103rul 100 &#8220;Speran\u021ba&#8221;<\/strong><\/em> &#8211; Hope and Homes for Children Romania<\/p>\n<p style=\"text-align: justify;\"><em><strong>Protec\u021bia mediului<\/strong><\/em><\/p>\n<p style=\"text-align: justify;\">Locul I &#8211; <em><strong>Bio &amp; Co &#8211; Cultiv\u0103m solidaritatea!<\/strong><\/em> &#8211; Ateliere F\u0103r\u0103 Frontiere<br \/>\nLocul II &#8211;<em><strong> Pl\u0103\u021bi pentru biodiversitate bazate pe rezultate<\/strong><\/em> &#8211; Fundatia ADEPT Transilvania<br \/>\nLocul III &#8211; <em><strong>Plant\u0103m fapte bune \u00een Rom\u00e2nia<\/strong><\/em> &#8211; Asocia\u021bia EcoAssist<\/p>\n<p style=\"text-align: justify;\"><em><strong>Dezvoltare economic\u0103 \u0219i social\u0103<\/strong><\/em><\/p>\n<p style=\"text-align: justify;\">Locul I &#8211; <em><strong>Lupt\u0103m \u00eempotriva s\u0103r\u0103ciei prin dezvoltare economic\u0103<\/strong><\/em> &#8211; Funda\u021bia World Vision Romania<br \/>\nLocul II &#8211; <strong><em>Predau Viitor<\/em><\/strong> &#8211; Asocia\u021bia Techsoup<br \/>\nLocul III &#8211; <em><strong>Permis pentru viitor, edi\u021bia 2016 \u2013 2017<\/strong><\/em> &#8211; Funda\u021bia Pentru Comunitate<\/p>\n<p style=\"text-align: justify;\"><em><strong>Proiecte \u0219i campanii de Voluntariat<\/strong><\/em><\/p>\n<p style=\"text-align: justify;\">Locul I &#8211; <em><strong>Z\u00e2na Mercilu\u021b\u0103 &#8211; cabinet stomatologic mobil care acord\u0103 gratuit profilaxie \u0219i tratament copiilor cazuri umanitare<\/strong><\/em> &#8211; Merci Charity Boutique<br \/>\nLocul II &#8211; <strong><em>Green Service Learning<\/em><\/strong> &#8211; Funda\u021bia Noi Orizonturi<br \/>\nLocul III &#8211; <em><strong>BIG BUILD 2017: 36 de case \u00een 5 zile<\/strong><\/em> &#8211; Habitat for Humanity Rom\u00e2nia<\/p>\n<p style=\"text-align: justify;\"><strong><em>Proiecte pentru Tineret<\/em><\/strong><\/p>\n<p style=\"text-align: justify;\">Locul I &#8211;<em><strong> KIDIBOT<\/strong><\/em> &#8211; StartEvo<br \/>\nLocul II &#8211; <em><strong>Playhood &#8211; Teatru pentru schimbare social\u0103<\/strong> <\/em>&#8211; Funda\u021bia Policy Center for Roma and Minorities<br \/>\nLocul III &#8211;<em><strong> Prima CARAVAN\u0102 stradal\u0103 din Rom\u00e2nia de prevenire HIV adresat\u0103 tinerilor din rural<\/strong><\/em> &#8211; Asocia\u021bia Semper Musica<\/p>\n<p style=\"text-align: justify;\"><em><strong>Programe<\/strong><\/em><\/p>\n<p style=\"text-align: justify;\">Locul I &#8211; <strong><em>Tech for Social Good &#8211; Code for Romania<\/em><\/strong> &#8211; Code4Romania<br \/>\nLocul II &#8211; <em><strong>MagiCAMP, tab\u0103ra copiilor diagnostica\u021bi cu cancer<\/strong><\/em> &#8211; Asocia\u021bia MagiCAMP<br \/>\nLocul III &#8211; <strong><em>Foyer &#8211; \u0218ansa tinerilor ce p\u0103r\u0103sesc institu\u021biile de stat<\/em><\/strong> &#8211; Funda\u021bia FARA<br \/>\nLocul III &#8211; <em><strong>Educlick -10 ani de solidaritate digital\u0103<\/strong><\/em> &#8211; Ateliere F\u0103r\u0103 Frontiere<\/p>\n<p style=\"text-align: justify;\"><em><strong>Ini\u021biative Cet\u0103\u021bene\u0219ti<\/strong><\/em><\/p>\n<p style=\"text-align: justify;\">Locul I &#8211; <strong><em>Fondul pentru Democra\u021bie<\/em><\/strong> &#8211; Geeks for Democracy (G4D)<br \/>\nLocul II &#8211; <em><strong>Media\u0219 Alert<\/strong><\/em> &#8211; Media\u0219 Alert<br \/>\nLocul III &#8211; <em><strong>LEXY &#8211; platform\u0103 \u00een limba rom\u00e2n\u0103 pentru copiii dislexici<\/strong><\/em> &#8211; Ionescu Bogdan<\/p>\n<p><em><strong>Campanii de comunicare pe teme sociale <\/strong><\/em><\/p>\n<p style=\"text-align: justify;\">Locul I &#8211; <em><strong>MagicHOME, Scaunul Solidarit\u0103\u021bii<\/strong><\/em> &#8211; Asocia\u021bia MagiCAMP &amp; agen\u021bia JAZZ Communication<br \/>\nLocul II &#8211; <em><strong>Campanie de comunicare pentru proiectul de modernizare a Sec\u021biei de terapie intensiv\u0103 nou-n\u0103scu\u021bi de la Spitalul Jude\u021bean Constan\u021ba<\/strong><\/em> &#8211; Funda\u021bia Vodafone Rom\u00e2nia &amp; Asocia\u021bia D\u0103ruie\u0219te Aripi &amp; Asocia\u021bia Inima Copiilor &amp; agen\u021bia Next Advertising<br \/>\nLocul III &#8211; <em><strong>#PeBune?<\/strong><\/em> &#8211; Funda\u021bia Motivation Rom\u00e2nia &amp; Andrei Tache &amp; Irina Popa &amp; Dana Ceau\u0219u &amp; Claudiu Jojatu &amp; Ana Sipciu (Grup de lucru 8 ore peste program pentru o cauz\u0103 bun\u0103)<\/p>\n<p><em><strong>Premiul Special Organiza\u021bia NEW ENTRY<\/strong><\/em><\/p>\n<p style=\"text-align: justify;\"><em><strong>Programul &#8220;\u00eenCerc&#8221; de Preven\u021bie a Diabetului Zaharat de Tip 2 \u0219i a Bolilor Civiliza\u021biei<\/strong><\/em> &#8211; Asocia\u021bia Medicover<\/p>\n<p style=\"text-align: justify;\"><strong><em>Premiul Special pentru INOVA\u021aIE<\/em><\/strong><\/p>\n<p style=\"text-align: justify;\"><em><strong>MagicBOX, ajutoare lunare pentru copiii diagnostica\u021bi cu cancer<\/strong><\/em> &#8211; Asocia\u021bia MagiCAMP<\/p>\n<p style=\"text-align: justify;\">Pentru mai multe detalii despre Gala Societ\u0103\u021bii Civile 2018, vizita\u021bi: <a href=\"http:\/\/www.galasocietatiicivile.ro\/\" target=\"_blank\" rel=\"noopener\">www.galasocietatiicivile.ro<\/a><\/p>\n","protected":false},"excerpt":{"rendered":"<p>Marele Premiu al Galei Societ\u0103\u021bii Civile a fost acordat \u0219i anul acesta unui proiect din sfera s\u0103n\u0103t\u0103\u021bii. Astfel, \u00een cadrul evenimentului g\u0103zduit asear\u0103 la Ateneul Rom\u00e2n, proiectul \u201eNoi facem un spital\u201d al Asocia\u021biei D\u0103ruie\u0219te Via\u021b\u0103 a fost desemnat marele c\u00e2\u0219tig\u0103tor. Acela\u0219i proiect a ob\u021binut \u0219i Locul I la sec\u021biunea \u201eS\u0103n\u0103tate\u201d. Asocia\u021bia D\u0103ruie\u0219te Via\u021b\u0103 i-a provocat [&hellip;]<\/p>\n","protected":false},"author":11,"featured_media":0,"comment_status":"open","ping_status":"open","sticky":false,"template":"","format":"standard","meta":{"jetpack_post_was_ever_published":false,"_jetpack_newsletter_access":"","_jetpack_dont_email_post_to_subs":false,"_jetpack_newsletter_tier_id":0,"_jetpack_memberships_contains_paywalled_content":false,"_jetpack_memberships_contains_paid_content":false,"footnotes":"","jetpack_publicize_message":"","jetpack_publicize_feature_enabled":true,"jetpack_social_post_already_shared":true,"jetpack_social_options":{"image_generator_settings":{"template":"highway","default_image_id":0,"font":"","enabled":false},"version":2}},"categories":[192],"tags":[1169,1239],"class_list":["post-16810","post","type-post","status-publish","format-standard","hentry","category-comunicate-de-presa","tag-asociatia-daruieste-viata","tag-gala-societatii-civile"],"jetpack_publicize_connections":[],"jetpack_featured_media_url":"","jetpack_sharing_enabled":true,"jetpack_shortlink":"https:\/\/wp.me\/p1H7ta-4n8","_links":{"self":[{"href":"https:\/\/www.zelist.ro\/blog\/wp-json\/wp\/v2\/posts\/16810","targetHints":{"allow":["GET"]}}],"collection":[{"href":"https:\/\/www.zelist.ro\/blog\/wp-json\/wp\/v2\/posts"}],"about":[{"href":"https:\/\/www.zelist.ro\/blog\/wp-json\/wp\/v2\/types\/post"}],"author":[{"embeddable":true,"href":"https:\/\/www.zelist.ro\/blog\/wp-json\/wp\/v2\/users\/11"}],"replies":[{"embeddable":true,"href":"https:\/\/www.zelist.ro\/blog\/wp-json\/wp\/v2\/comments?post=16810"}],"version-history":[{"count":2,"href":"https:\/\/www.zelist.ro\/blog\/wp-json\/wp\/v2\/posts\/16810\/revisions"}],"predecessor-version":[{"id":16813,"href":"https:\/\/www.zelist.ro\/blog\/wp-json\/wp\/v2\/posts\/16810\/revisions\/16813"}],"wp:attachment":[{"href":"https:\/\/www.zelist.ro\/blog\/wp-json\/wp\/v2\/media?parent=16810"}],"wp:term":[{"taxonomy":"category","embeddable":true,"href":"https:\/\/www.zelist.ro\/blog\/wp-json\/wp\/v2\/categories?post=16810"},{"taxonomy":"post_tag","embeddable":true,"href":"https:\/\/www.zelist.ro\/blog\/wp-json\/wp\/v2\/tags?post=16810"}],"curies":[{"name":"wp","href":"https:\/\/api.w.org\/{rel}","templated":true}]}}