
{"id":16701,"date":"2018-06-07T12:40:50","date_gmt":"2018-06-07T10:40:50","guid":{"rendered":"https:\/\/www.zelist.ro\/blog\/?p=16701"},"modified":"2018-06-07T12:40:50","modified_gmt":"2018-06-07T10:40:50","slug":"jazz-in-the-park-prezinta-100-ani-de-muzica-romaneasca-prin-4-concerte-in-parc-la-miezul-noptii","status":"publish","type":"post","link":"https:\/\/www.zelist.ro\/blog\/jazz-in-the-park-prezinta-100-ani-de-muzica-romaneasca-prin-4-concerte-in-parc-la-miezul-noptii\/","title":{"rendered":"Jazz in the Park prezint\u0103 100 ani de muzic\u0103 rom\u00e2neasc\u0103 prin 4 concerte \u00een parc, la miezul nop\u021bii"},"content":{"rendered":"<p><a href=\"https:\/\/www.zelist.ro\/blog\/wp-content\/uploads\/2018\/06\/Jazz-in-the-Park-Romania-100_Maria-Casandra-si-Sorin-Romanescu-e1528367156561.jpg\"><img loading=\"lazy\" decoding=\"async\" class=\"aligncenter size-full wp-image-16702\" src=\"https:\/\/www.zelist.ro\/blog\/wp-content\/uploads\/2018\/06\/Jazz-in-the-Park-Romania-100_Maria-Casandra-si-Sorin-Romanescu-e1528367156561.jpg\" alt=\"\" width=\"650\" height=\"650\" \/><\/a><\/p>\n<p style=\"text-align: justify;\">Patru concerte care ne poart\u0103 \u00een ultimii 100 de ani de muzic\u0103 vor avea loc \u00een cadrul festivalului Jazz in the Park, pe scena Rom\u00e2nia 100, \u00een Parcul Central din Cluj. Fiecare dintre aceste concerte se centreaz\u0103 pe o anumit\u0103 perioad\u0103 a istoriei muzicii \u0219i abordeaz\u0103 stiluri \u0219i genuri diferite: muzic\u0103 clasic\u0103, doin\u0103, jazzul perioadei comuniste \u0219i jazz contemporan.<\/p>\n<p style=\"text-align: justify;\">Pianistul <strong>Bogdan Vaida<\/strong> \u00eel va omagia \u00een 28 iunie pe George Enescu \u00een cadrul concertului <em>Enescu: Manifest pentru Rom\u00e2nia<\/em> \u00een care piesele compozitorului rom\u00e2n vor fi puse \u00een contextul universal al muzicii clasice al\u0103turi de Liszt, Brahms \u0219i Schubert. Va fi practic o trecere prin istoria de 100 de ani a muzicii universale.<\/p>\n<p style=\"text-align: justify;\">Concertul <em>NOD &#8211; New Old Doina<\/em> aduce \u00een 29 iunie \u00een prim-plan str\u0103vechea doin\u0103 rom\u00e2neasc\u0103. Temeiul fundamental al acestui proiect muzical sunt cele dou\u0103 calit\u0103\u021bi pregnante, de-a dreptul vitale ale Doinei, \u0219i anume ritmul liber \u0219i caracterul ei puternic improvizatoric adus de <strong>Maria Casandra Hausi<\/strong>, ambasadoarea doinei rom\u00e2ne\u015fti \u0219i <strong>Sorin Romanescu<\/strong>, unul dintre cei mai importan\u021bi chitari\u0219ti de jazz de la ora actual\u0103.<\/p>\n<p style=\"text-align: justify;\"><strong>Nicolas Simion &#8211; Sorin Romanescu Duo<\/strong> \u00eei aduc un omagiu marelui jazzman Johnny R\u0103ducanu \u00een cadrul concertului <em>Tribute to Johnny<\/em>, \u00een 30 iunie, iar piesele lui Johnny R\u0103ducanu vor fi reinterpretate de cei doi mari muzicieni.<\/p>\n<p style=\"text-align: justify;\">Al patrulea concert din seria de la miezul nop\u021bii, <em>Sentimente rom\u00e2ne\u0219ti<\/em>, e despre jazz contemporan cu una dintre cele mai active \u0219i iubite trupe de jazz din Rom\u00e2nia. <strong>JazzyBIT<\/strong> \u00eencheie festivalul Jazz in the Park cu un concert concept dedicat Centenarului Marii Uniri de la 1918. Bazat \u00een mod special pe compozi\u021biile mai melodioase \u0219i lirice din repertoriul lor, JazzyBIT propune o selec\u021bie de piese ce reflect\u0103 sentimentele specifice acelor vremuri. Piese precum \u201cPoate De Ce\u201d, \u201cEquilibrium\u201d sau \u201cDream River\u201d transmit bucurie, speran\u021b\u0103, unitate \u0219i se contopesc cu spiritul liber al jazz-ului.<\/p>\n<p style=\"text-align: justify;\">Scena Rom\u00e2nia 100 este prezentat\u0103 de Alexandrion \u0219i va fi amplasat\u0103 \u00een fa\u021ba cl\u0103dirii Casino din Parcul Central. Scena va fi activ\u0103 la miezul nop\u021bii \u00een cele patru zile \u00een care festivalului se va desf\u0103\u0219ura \u00een parc: 28 iunie-1 iulie.<\/p>\n<p style=\"text-align: justify;\">Accesul la concertele din parc e liber, pe baz\u0103 de bilet neobligatoriu pe care-l pot cump\u0103ra cei care doresc s\u0103 sus\u021bin\u0103 Fondul Jazz in the Park \u0219i proiectele artistice \u0219i creative selectate.<\/p>\n<p style=\"text-align: justify;\">Festivalul Jazz in the Park (21 iunie-1 iulie) va \u00eencepe peste exact dou\u0103 s\u0103pt\u0103m\u00e2ni. Deschiderea oficial\u0103 va avea loc la Opera Maghiar\u0103 din Cluj cu concertul Juan de Marcos Afro Cuban All Stars, iar timp de 11 zile vor avea loc concerte \u0219i activit\u0103\u021bi \u00een mai multe locuri din ora\u0219. Concursul Interna\u021bional Jazz in the Park va avea loc pe malul Some\u0219ului, \u0219ase dintre cele mai spectaculoase concerte au loc la Muzeul de Art\u0103, activit\u0103\u021bi vor avea loc \u0219i \u00een strad\u0103, iar \u00een ultimele patru zile festivalul se va desf\u0103\u0219ura pe cele patru scene din Parcul Central.<\/p>\n<p style=\"text-align: justify;\">Pentru concertul de deschidere \u0219i pentru cele de la Muzeul de Art\u0103 sunt puse \u00een v\u00e2nzare bilete \u0219i abonamente, iar la concertele din parc \u0219i de pe mal participarea e liber\u0103, cu bilet neobligatoriu pe care \u00eel pot cump\u0103ra cei care vor s\u0103 sus\u021bin\u0103 Fondul Jazz in the Park.<\/p>\n<p style=\"text-align: justify;\">Jazz in the Park Festival este un proiect organizat de Fapte, cofinan\u021bat de Administra\u021bia Fondului Cultural Na\u021bional, Ministerul Culturii \u0219i Identit\u0103\u021bii Na\u021bionale \u0219i Consiliul Jude\u021bean Cluj, sus\u021binut de Prim\u0103ria Cluj-Napoca \u0219i promovat de Staropramen, BCR, Mega Image, Alexandrion, Medlife, iQuest, Bosch, Yamaha, Tastemakers, Glo, Daisler Print House, Almdudler, AV Store, Tohani.<\/p>\n<p style=\"text-align: justify;\">Detalii g\u0103si\u021bi pe <a href=\"http:\/\/www.jazzinthepark.ro\/\" target=\"_blank\" rel=\"noopener\">www.jazzinthepark.ro<\/a>.<\/p>\n","protected":false},"excerpt":{"rendered":"<p>Patru concerte care ne poart\u0103 \u00een ultimii 100 de ani de muzic\u0103 vor avea loc \u00een cadrul festivalului Jazz in the Park, pe scena Rom\u00e2nia 100, \u00een Parcul Central din Cluj. Fiecare dintre aceste concerte se centreaz\u0103 pe o anumit\u0103 perioad\u0103 a istoriei muzicii \u0219i abordeaz\u0103 stiluri \u0219i genuri diferite: muzic\u0103 clasic\u0103, doin\u0103, jazzul perioadei [&hellip;]<\/p>\n","protected":false},"author":11,"featured_media":0,"comment_status":"open","ping_status":"open","sticky":false,"template":"","format":"standard","meta":{"jetpack_post_was_ever_published":false,"_jetpack_newsletter_access":"","_jetpack_dont_email_post_to_subs":false,"_jetpack_newsletter_tier_id":0,"_jetpack_memberships_contains_paywalled_content":false,"_jetpack_memberships_contains_paid_content":false,"footnotes":"","jetpack_publicize_message":"","jetpack_publicize_feature_enabled":true,"jetpack_social_post_already_shared":true,"jetpack_social_options":{"image_generator_settings":{"template":"highway","default_image_id":0,"font":"","enabled":false},"version":2}},"categories":[192],"tags":[1242,254,1063],"class_list":["post-16701","post","type-post","status-publish","format-standard","hentry","category-comunicate-de-presa","tag-cluj","tag-cluj-napoca","tag-jazz-in-the-park"],"jetpack_publicize_connections":[],"jetpack_featured_media_url":"","jetpack_sharing_enabled":true,"jetpack_shortlink":"https:\/\/wp.me\/p1H7ta-4ln","_links":{"self":[{"href":"https:\/\/www.zelist.ro\/blog\/wp-json\/wp\/v2\/posts\/16701","targetHints":{"allow":["GET"]}}],"collection":[{"href":"https:\/\/www.zelist.ro\/blog\/wp-json\/wp\/v2\/posts"}],"about":[{"href":"https:\/\/www.zelist.ro\/blog\/wp-json\/wp\/v2\/types\/post"}],"author":[{"embeddable":true,"href":"https:\/\/www.zelist.ro\/blog\/wp-json\/wp\/v2\/users\/11"}],"replies":[{"embeddable":true,"href":"https:\/\/www.zelist.ro\/blog\/wp-json\/wp\/v2\/comments?post=16701"}],"version-history":[{"count":1,"href":"https:\/\/www.zelist.ro\/blog\/wp-json\/wp\/v2\/posts\/16701\/revisions"}],"predecessor-version":[{"id":16703,"href":"https:\/\/www.zelist.ro\/blog\/wp-json\/wp\/v2\/posts\/16701\/revisions\/16703"}],"wp:attachment":[{"href":"https:\/\/www.zelist.ro\/blog\/wp-json\/wp\/v2\/media?parent=16701"}],"wp:term":[{"taxonomy":"category","embeddable":true,"href":"https:\/\/www.zelist.ro\/blog\/wp-json\/wp\/v2\/categories?post=16701"},{"taxonomy":"post_tag","embeddable":true,"href":"https:\/\/www.zelist.ro\/blog\/wp-json\/wp\/v2\/tags?post=16701"}],"curies":[{"name":"wp","href":"https:\/\/api.w.org\/{rel}","templated":true}]}}